{"id":947,"date":"2008-08-27T21:53:12","date_gmt":"2008-08-27T19:53:12","guid":{"rendered":"http:\/\/www.stanetdam.com\/?p=947"},"modified":"2008-08-27T21:53:12","modified_gmt":"2008-08-27T19:53:12","slug":"gagnez-des-places-pour-max-la-menace","status":"publish","type":"post","link":"https:\/\/stanetdam.com\/?p=947","title":{"rendered":"[M\u00e0J] Deux places \u00e0 gagner pour \u00ab\u00a0Max la Menace\u00a0\u00bb en projection priv\u00e9e chez Warner"},"content":{"rendered":"<p>Vous souvenez vous de \u00ab\u00a0Max la menace\u00a0\u00bb, diffus\u00e9 sur feu La Cinq (les trentenaires appr\u00e9cieront), et sur Direct 8 recemment ? Et bien la version grand \u00e9cran sort le 10 septembre, et <strong>on vous invite chez Warner \u00e0 Paris en projection priv\u00e9e le voir en avant-premi\u00e8re le 4 septembre<\/strong> ! Le <a href=\"http:\/\/www.allocine.fr\/film\/casting_gen_cfilm=114624.html\" target=\"_blank\" rel=\"noopener noreferrer\">casting <\/a>et le pitch semblent prometteurs.<\/p>\n<p>Deux places de dispo :<span style=\"color: #ffcc00;\"> <strong>les commentaires 1 et 10 seront les gagnants<\/strong><\/span>. Et un seul commentaire par personne \ud83d\ude09 Laissez votre mail et on fera suivre.<\/p>\n<p>Merci \u00e0 <a href=\"http:\/\/www.tendancescom.com\" target=\"_blank\" rel=\"noopener noreferrer\">Emilie <\/a>!<\/p>\n<p>Une pens\u00e9e pour <a href=\"http:\/\/www.allocine.fr\/article\/fichearticle_gen_carticle=18376759.html\" target=\"_self\" rel=\"noopener noreferrer\">Don Adams<\/a>, mort en 2005, qui n&rsquo;aura pas vu l&rsquo;adaptation de la s\u00e9rie sur le grand \u00e9cran (saviez-vous qu&rsquo;il avait doubl\u00e9 l&rsquo;inspecteur Gadget aux USA ?).<\/p>\n<p><strong>Le pitch :<\/strong> <em>Apr\u00e8s que le quartier g\u00e9n\u00e9ral de l&rsquo;agence de renseignement am\u00e9ricaine CONTROL a \u00e9t\u00e9 attaqu\u00e9 par l&rsquo;association de criminels KAOS, l&rsquo;identit\u00e9 de ses agents est compromise et le Chef n&rsquo;a d&rsquo;autre choix que de donner une promotion \u00e0 Maxwell Smart, un analyste qui a toujours r\u00eav\u00e9 de travailler sur le terrain aux c\u00f4t\u00e9s du c\u00e9l\u00e8bre agent 23. Au lieu de cela, Max se voit assigner pour partenaire l&rsquo;adorable mais redoutable agent 99. Avec une formation minimum, notre agent, arm\u00e9 seulement de quelques gadgets high-tech et de son enthousiasme d\u00e9lirant va devoir faire \u00e9chouer les plans de Siegfried, le chef de KAOS.<\/em><\/p>\n<p><a href=\"http:\/\/www.new.facebook.com\/pages\/Max-la-menace\/21920591946\" target=\"_blank\" rel=\"noopener noreferrer\">Facebook officiel<\/a><\/p>\n<p><a href=\"http:\/\/www.myspace.com\/maxlamenace_control\" target=\"_blank\" rel=\"noopener noreferrer\">MySpace officiel<\/a><\/p>\n<p><a href=\"http:\/\/www.youtube.com\/user\/maxlamenacelefilm\" target=\"_blank\" rel=\"noopener noreferrer\">Youtube officiel<\/a><\/p>\n<p style=\"text-align: center;\"><img loading=\"lazy\" decoding=\"async\" class=\"centered aligncenter\" style=\"border: 0pt none;\" src=\"http:\/\/www.krinein.com\/img_oc\/6990.jpg\" border=\"0\" alt=\"\" width=\"210\" height=\"240\" \/><br \/>\n<img loading=\"lazy\" decoding=\"async\" class=\"centered\" style=\"border: 0pt none;\" src=\"http:\/\/www.dvdrama.com\/imagescrit2\/m\/a\/x\/maxlamenace_haut.jpg\" border=\"0\" alt=\"\" width=\"355\" height=\"174\" \/><\/p>\n<div id=\"themify_builder_content-947\" data-postid=\"947\" class=\"themify_builder_content themify_builder_content-947 themify_builder\">\n    <\/div>\n<!-- \/themify_builder_content -->\n","protected":false},"excerpt":{"rendered":"<p>Vous souvenez vous de \u00ab\u00a0Max la menace\u00a0\u00bb, diffus\u00e9 sur feu La Cinq (les trentenaires appr\u00e9cieront), et sur Direct 8 recemment ? Et bien la version grand \u00e9cran sort le 10 septembre, et on vous invite chez Warner \u00e0 Paris en projection priv\u00e9e le voir en avant-premi\u00e8re le 4 septembre ! Le casting et le pitch [&hellip;]<\/p>\n","protected":false},"author":3,"featured_media":0,"comment_status":"open","ping_status":"open","sticky":false,"template":"","format":"standard","meta":{"footnotes":""},"categories":[1],"tags":[357,592,1355,2384,4111],"class_list":["post-947","post","type-post","status-publish","format-standard","hentry","category-uncategorized","tag-avant-premiere","tag-cadeaux","tag-film","tag-max-la-menace","tag-warner","has-post-title","has-post-date","has-post-category","has-post-tag","has-post-comment","has-post-author",""],"builder_content":"","_links":{"self":[{"href":"https:\/\/stanetdam.com\/index.php?rest_route=\/wp\/v2\/posts\/947","targetHints":{"allow":["GET"]}}],"collection":[{"href":"https:\/\/stanetdam.com\/index.php?rest_route=\/wp\/v2\/posts"}],"about":[{"href":"https:\/\/stanetdam.com\/index.php?rest_route=\/wp\/v2\/types\/post"}],"author":[{"embeddable":true,"href":"https:\/\/stanetdam.com\/index.php?rest_route=\/wp\/v2\/users\/3"}],"replies":[{"embeddable":true,"href":"https:\/\/stanetdam.com\/index.php?rest_route=%2Fwp%2Fv2%2Fcomments&post=947"}],"version-history":[{"count":0,"href":"https:\/\/stanetdam.com\/index.php?rest_route=\/wp\/v2\/posts\/947\/revisions"}],"wp:attachment":[{"href":"https:\/\/stanetdam.com\/index.php?rest_route=%2Fwp%2Fv2%2Fmedia&parent=947"}],"wp:term":[{"taxonomy":"category","embeddable":true,"href":"https:\/\/stanetdam.com\/index.php?rest_route=%2Fwp%2Fv2%2Fcategories&post=947"},{"taxonomy":"post_tag","embeddable":true,"href":"https:\/\/stanetdam.com\/index.php?rest_route=%2Fwp%2Fv2%2Ftags&post=947"}],"curies":[{"name":"wp","href":"https:\/\/api.w.org\/{rel}","templated":true}]}}