{"id":929,"date":"2008-08-20T20:23:28","date_gmt":"2008-08-20T18:23:28","guid":{"rendered":"http:\/\/www.stanetdam.com\/?p=929"},"modified":"2008-08-20T20:23:28","modified_gmt":"2008-08-20T18:23:28","slug":"dans-la-torpeur-de-lete-20-minutes-se-met-en-greve","status":"publish","type":"post","link":"https:\/\/stanetdam.com\/?p=929","title":{"rendered":"Dans la torpeur de l&rsquo;\u00e9t\u00e9, 20 minutes se met en gr\u00eave"},"content":{"rendered":"<p style=\"text-align: left;\"><img loading=\"lazy\" decoding=\"async\" class=\"aligncenter\" style=\"border: 0pt none;\" src=\"http:\/\/gklein.blog.lemonde.fr\/files\/2008\/08\/20minutes1.1218830912.jpg\" border=\"0\" alt=\"\" width=\"343\" height=\"220\" align=\"left\" \/>Une histoire \u00e0 rebondissememts que celle de la r\u00e9daction de 20 minutes cet \u00e9t\u00e9. Tout commence par le licenciement de <span style=\"color: #000000;\">Johan Hufnagel, r\u00e9dacteur en chef de la partie internet du journal, pour des motifs tr\u00e8s peu clairs.<\/span><\/p>\n<p><span style=\"color: #000000;\">S&rsquo;en suit une gr\u00eave de la r\u00e9daction (plut\u00f4t rare pour un journal comme celui-ci), puis une reprise du travail suite \u00e0 une rencontre avec le propri\u00e9taire norv\u00e9gien du titre, manifestement plus \u00ab\u00a0adroit\u00a0\u00bb que sesrepr\u00e9sentants fran\u00e7ais.<\/span><\/p>\n<p>Dernier rebondissement en date : un texte ressemblant \u00e0 une motion de d\u00e9fiance (m\u00eame si la r\u00e9daction s&rsquo;en d\u00e9fend) envers le PDG fran\u00e7ais Pierre-Jean Bozo, texte d\u00e9non\u00e7ant <em>\u00ab\u00a0le manque d&rsquo;\u00e9coute entre la direction et l&rsquo;\u00e9quipe, ainsi que le flou de la ligne r\u00e9dactionnelle\u00a0\u00bb.<\/em><\/p>\n<p>Vous trouverez des articles en parlant <a href=\"http:\/\/gklein.blog.lemonde.fr\/2008\/08\/15\/20minutesfr-redemarre\/\" target=\"_blank\" rel=\"noopener noreferrer\">ici <\/a>et <a href=\"http:\/\/gklein.blog.lemonde.fr\/2008\/08\/18\/tension-a-20minutes\/\" target=\"_blank\" rel=\"noopener noreferrer\">l\u00e0<\/a>, ou encore <a href=\"http:\/\/www.mikiane.com\/node\/2008\/08\/16\/cest-reparti-chez-20mintuesfr\" target=\"_blank\" rel=\"noopener noreferrer\">l\u00e0<\/a>.<\/p>\n<p>Pour ma part, vu de l&rsquo;ext\u00e9rieur la situation semble plus relever d&rsquo;une tension tr\u00e8s grande la direction et ses \u00e9quipes que d&rsquo;un simple licenciement. L&rsquo;ambiance semble loin d&rsquo;\u00eatre rose \u00e0 20 minutes, et le d\u00e9part de Hufnagel est l&rsquo;\u00e9tincelle qui a mis le feu aux poudres.<\/p>\n<p>Ce que j&rsquo;ai du mal \u00e0 saisir, c&rsquo;est la faute qui est imput\u00e9e au licenci\u00e9 : il aurait soit disant eu des mots avec la direction, les aurait insult\u00e9s&#8230; <strong>Oui mais pourquoi cela ? A cela, personne ne r\u00e9pond.<\/strong> La situation ne soit pas \u00eatre nouvelle, et si la r\u00e9daction le soutient, c&rsquo;est qu&rsquo;il doit les prot\u00e9ger. Mais de quoi ? D&rsquo;une pression commerciale trop forte, ayant un impact sur l&rsquo;ind\u00e9pendance de l&rsquo;information d\u00e9livr\u00e9e et le travail des journalistes ? D&rsquo;une polyvalence papier\/web de plus en plus forte menant \u00e0 des \u00e9conomies d&rsquo;\u00e9chelles ayant un impact en termes de qualit\u00e9 de travail ?<\/p>\n<p>Comme quoi, m\u00eame dans un m\u00e9dia qui se veut \u00ab\u00a0presse nouvelle g\u00e9n\u00e9ration\u00a0\u00bb, les conflits tr\u00e8s classiques existent et persistent.<\/p>\n<div id=\"themify_builder_content-929\" data-postid=\"929\" class=\"themify_builder_content themify_builder_content-929 themify_builder\">\n    <\/div>\n<!-- \/themify_builder_content -->\n","protected":false},"excerpt":{"rendered":"<p>Une histoire \u00e0 rebondissememts que celle de la r\u00e9daction de 20 minutes cet \u00e9t\u00e9. Tout commence par le licenciement de Johan Hufnagel, r\u00e9dacteur en chef de la partie internet du journal, pour des motifs tr\u00e8s peu clairs. S&rsquo;en suit une gr\u00eave de la r\u00e9daction (plut\u00f4t rare pour un journal comme celui-ci), puis une reprise du [&hellip;]<\/p>\n","protected":false},"author":3,"featured_media":0,"comment_status":"open","ping_status":"open","sticky":false,"template":"","format":"standard","meta":{"footnotes":""},"categories":[1],"tags":[38,2394,2403,3075],"class_list":["post-929","post","type-post","status-publish","format-standard","hentry","category-uncategorized","tag-20-minutes","tag-media","tag-medias-numeriques","tag-presse","has-post-title","has-post-date","has-post-category","has-post-tag","has-post-comment","has-post-author",""],"builder_content":"","_links":{"self":[{"href":"https:\/\/stanetdam.com\/index.php?rest_route=\/wp\/v2\/posts\/929","targetHints":{"allow":["GET"]}}],"collection":[{"href":"https:\/\/stanetdam.com\/index.php?rest_route=\/wp\/v2\/posts"}],"about":[{"href":"https:\/\/stanetdam.com\/index.php?rest_route=\/wp\/v2\/types\/post"}],"author":[{"embeddable":true,"href":"https:\/\/stanetdam.com\/index.php?rest_route=\/wp\/v2\/users\/3"}],"replies":[{"embeddable":true,"href":"https:\/\/stanetdam.com\/index.php?rest_route=%2Fwp%2Fv2%2Fcomments&post=929"}],"version-history":[{"count":0,"href":"https:\/\/stanetdam.com\/index.php?rest_route=\/wp\/v2\/posts\/929\/revisions"}],"wp:attachment":[{"href":"https:\/\/stanetdam.com\/index.php?rest_route=%2Fwp%2Fv2%2Fmedia&parent=929"}],"wp:term":[{"taxonomy":"category","embeddable":true,"href":"https:\/\/stanetdam.com\/index.php?rest_route=%2Fwp%2Fv2%2Fcategories&post=929"},{"taxonomy":"post_tag","embeddable":true,"href":"https:\/\/stanetdam.com\/index.php?rest_route=%2Fwp%2Fv2%2Ftags&post=929"}],"curies":[{"name":"wp","href":"https:\/\/api.w.org\/{rel}","templated":true}]}}