{"id":8652,"date":"2010-04-08T10:50:03","date_gmt":"2010-04-08T08:50:03","guid":{"rendered":"http:\/\/www.stanetdam.com\/sa-petite-boulangerie-ne-connait-pas-la-crise%e2%80%a6-grace-aux-reseaux-sociaux\/"},"modified":"2010-04-08T10:50:03","modified_gmt":"2010-04-08T08:50:03","slug":"sa-petite-boulangerie-ne-connait-pas-la-crise-grace-aux-reseaux-sociaux","status":"publish","type":"post","link":"https:\/\/stanetdam.com\/?p=8652","title":{"rendered":"Sa petite boulangerie ne connait pas la crise\u2026 gr\u00e2ce aux r\u00e9seaux sociaux"},"content":{"rendered":"<p>Stan&amp;Dam vous propose d\u00e9sormais de suivre leur lifestream. Il s\u2019agit de mettre en avant des informations int\u00e9ressantes vues sur le web, et de les faire partager \u00e0 la communaut\u00e9 du site S&amp;D. Stan a remarqu\u00e9 dans ses flux RSS le sujet suivant :<\/p>\n<p><span><\/p>\n<p> Un audacieux boulanger fran\u00e7ais exil\u00e9 au Qu\u00e9bec a construit son image de marque gr\u00e2ce aux r\u00e9seaux sociaux Facebook et Twitter.\u00a0 Une tr\u00e8s belle histoire et un cas d\u2019\u00e9cole pour les petits commerces\u2026 Cr\u00e9er du lien social, se faire connaitre, promouvoir son activit\u00e9. Ce sont quelques usages des r\u00e9seaux sociaux. Jean-S\u00e9bastien B\u00e9raud, un Rennais vivant au Qu\u00e9bec avec sa compagne, Annie Huard-Langlois, l\u2019ont bien compris<\/p>\n<p><\/span><br \/>\nLire l&rsquo;article original ici:<br \/>\n<a target=\"_blank\" href=\"http:\/\/feedproxy.google.com\/~r\/inquirerFRRss\/~3\/lUNb6OMRrKg\/story01.htm\" title=\"Sa petite boulangerie ne connait pas la crise\u2026 gr\u00e2ce aux r\u00e9seaux sociaux\" rel=\"noopener noreferrer\">Sa petite boulangerie ne connait pas la crise\u2026 gr\u00e2ce aux r\u00e9seaux sociaux<\/a><\/p>\n<div id=\"themify_builder_content-8652\" data-postid=\"8652\" class=\"themify_builder_content themify_builder_content-8652 themify_builder\">\n    <\/div>\n<!-- \/themify_builder_content -->\n","protected":false},"excerpt":{"rendered":"<p> Un audacieux boulanger fran\u00e7ais exil\u00e9 au Qu\u00e9bec a construit son image de marque gr\u00e2ce aux r\u00e9seaux sociaux Facebook et Twitter.\u00a0 Une tr\u00e8s belle histoire et un cas d\u2019\u00e9cole pour les petits commerces\u2026 Cr\u00e9er du lien social, se faire connaitre, promouvoir son activit\u00e9. Ce sont quelques usages des r\u00e9seaux sociaux. Jean-S\u00e9bastien B\u00e9raud, un Rennais vivant au Qu\u00e9bec avec sa compagne, Annie Huard-Langlois, l\u2019ont bien compris<\/p>\n","protected":false},"author":2,"featured_media":0,"comment_status":"open","ping_status":"open","sticky":false,"template":"","format":"standard","meta":{"footnotes":""},"categories":[6],"tags":[1589,1617,2222,3192,3591,4015],"class_list":["post-8652","post","type-post","status-publish","format-standard","hentry","category-liens-automatiques","tag-google","tag-google-reader","tag-lifestream","tag-reader","tag-stan","tag-veille","has-post-title","has-post-date","has-post-category","has-post-tag","has-post-comment","has-post-author",""],"builder_content":"","_links":{"self":[{"href":"https:\/\/stanetdam.com\/index.php?rest_route=\/wp\/v2\/posts\/8652","targetHints":{"allow":["GET"]}}],"collection":[{"href":"https:\/\/stanetdam.com\/index.php?rest_route=\/wp\/v2\/posts"}],"about":[{"href":"https:\/\/stanetdam.com\/index.php?rest_route=\/wp\/v2\/types\/post"}],"author":[{"embeddable":true,"href":"https:\/\/stanetdam.com\/index.php?rest_route=\/wp\/v2\/users\/2"}],"replies":[{"embeddable":true,"href":"https:\/\/stanetdam.com\/index.php?rest_route=%2Fwp%2Fv2%2Fcomments&post=8652"}],"version-history":[{"count":0,"href":"https:\/\/stanetdam.com\/index.php?rest_route=\/wp\/v2\/posts\/8652\/revisions"}],"wp:attachment":[{"href":"https:\/\/stanetdam.com\/index.php?rest_route=%2Fwp%2Fv2%2Fmedia&parent=8652"}],"wp:term":[{"taxonomy":"category","embeddable":true,"href":"https:\/\/stanetdam.com\/index.php?rest_route=%2Fwp%2Fv2%2Fcategories&post=8652"},{"taxonomy":"post_tag","embeddable":true,"href":"https:\/\/stanetdam.com\/index.php?rest_route=%2Fwp%2Fv2%2Ftags&post=8652"}],"curies":[{"name":"wp","href":"https:\/\/api.w.org\/{rel}","templated":true}]}}