{"id":8620,"date":"2014-05-26T16:30:19","date_gmt":"2014-05-26T14:30:19","guid":{"rendered":"http:\/\/stanetdam.com\/?p=8620"},"modified":"2014-05-26T16:30:19","modified_gmt":"2014-05-26T14:30:19","slug":"7-vraies-bonnes-raisons-aller-voir-grace-de-monaco","status":"publish","type":"post","link":"https:\/\/stanetdam.com\/?p=8620","title":{"rendered":"7 vraies bonnes raisons d&rsquo;aller (quand m\u00eame) voir Grace de Monaco"},"content":{"rendered":"<p><img loading=\"lazy\" decoding=\"async\" class=\"aligncenter\" src=\"http:\/\/img.src.ca\/2013\/01\/18\/635x357\/130118_wa8b2_aetd_nicole_grace_sn635.jpg\" alt=\"Nicolas Kidman Grace de Monaco\" width=\"635\" height=\"357\" \/><\/p>\n<p>A l&rsquo;heure de la cl\u00f4ture de Cannes, et tandis que le buzz de la quinzaine a \u00e9t\u00e9 assur\u00e9 par le film \u00ab\u00a0Welcome to New-York\u00a0\u00bb (\u00e9clipsant le palmar\u00e8s final dont je mets au d\u00e9fi de me citer la palme d&rsquo;or), il est venu le temps <del>des cath\u00e9drales<\/del> de revenir sur ce qui a concentr\u00e9 l&rsquo;attention et rires des journalistes en ouverture du festival : <strong>Grace de Monaco<\/strong> d&rsquo;Olivier Dahan.<\/p>\n<p>Film d\u00e9j\u00e0 culte par son statut d\u2019\u0153uvre meurtrie sur l&rsquo;autel de l&rsquo;incompr\u00e9hension des critiques, celui que l&rsquo;on appelle d\u00e9sormais par ses sobriquets (<a href=\"http:\/\/www.lemonde.fr\/festival-de-cannes\/article\/2014\/05\/14\/grace-de-monaco-fenetre-sur-four_4418711_766360.html\">Fen\u00eatre sur four<\/a>, <a href=\"http:\/\/www.lepoint.fr\/cinema\/grace-de-monaco-le-nanar-princier-de-cannes-14-05-2014-1822991_35.php\">Le nanar princier de Cannes<\/a>) rendu responsable de la diffusion d&rsquo;une <a href=\"http:\/\/www.lefigaro.fr\/vox\/culture\/2014\/05\/16\/31006-20140516ARTFIG00340-le-film-grace-de-monaco-l-histoire-falsifiee.php\">histoire falsifi\u00e9e<\/a> (alors que tout le monde sait bien qu&rsquo;\u00e0 Monaco tout n&rsquo;est que Grace, volupt\u00e9 et feulement de V12 Ferrari) cherche d\u00e9sormais la lumi\u00e8re dans des salles obscures quelque peu d\u00e9sertes.<\/p>\n<p>Bref, \u00e7a sent le bide.<\/p>\n<p>Et bien je suis profond\u00e9ment choqu\u00e9 de lire cela.<\/p>\n<p style=\"text-align: center;\">[dailymotion x1uawas_video-profondement-choque-la-formule-fetiche-de-jean-francois-cope_news nolink]<\/p>\n<p>Ce film est injustement consid\u00e9r\u00e9 et malgr\u00e9 certains de ses d\u00e9fauts \u00e9vidents il est possible de passer un bon moment. Si l&rsquo;on vous a <del>forc\u00e9<\/del> propos\u00e9 d&rsquo;aller le voir et que vous n&rsquo;avez pas os\u00e9 refuser (ou bien n&rsquo;aviez pas lu la critique car vivant coup\u00e9 du monde), voici <strong>7 moyens de ne pas sombrer dans un sommeil profond<\/strong> au fil de ces 1h42 de projection (perso je pensais que le film faisait 2h30) :<\/p>\n<ol>\n<li><strong>Le jeu d&rsquo;acteur de Nicole Kidman<\/strong>. Nicole c&rsquo;est Glace de Monaco (wow mais o\u00f9 vais je chercher cela), et le film est \u00e0 l&rsquo;image de son visage : froid, lisse, inexpressif, sans profondeur. Pour tenir tout le film, amusez vous \u00e0 essayer de d\u00e9terminer l&rsquo;expression que le metteur en sc\u00e8ne lui a demand\u00e9 de jouer. Vous avez le choix entre fatigue \/ joie \/ tristesse \/ col\u00e8re \/ compassion \/ peine.<\/li>\n<li><strong>L&rsquo;imitation de De Gaulle<\/strong>. Pas facile d&rsquo;entrer dans la peau du G\u00e9n\u00e9ral, surtout quand on n&rsquo;y ressemble pas. Andr\u00e9 Penvern va donc chercher son inspiration parmi les plus grands, \u00e0 commencer par Henri Tisot. Pour parfaire le r\u00f4le il a lu au d\u00e9tour d&rsquo;un blog bien inform\u00e9 que le G\u00e9n\u00e9ral passait beaucoup de temps \u00e0 bronzer \u00e0 Baden Baden malgr\u00e9 les r\u00e9primandes de tante Yvonne. Conclusion : dans le film il force trop sur la Terracotta. A moins que ce ne soit la maquilleuse qui ait fait ce qu&rsquo;elle pouvait pour masquer les raccords des postiches latex diss\u00e9min\u00e9s sur son visage. Bref, un must have \u00e0 ne rater dans aucun des plans o\u00f9 il apparait.\n<p><figure style=\"width: 221px\" class=\"wp-caption aligncenter\"><img loading=\"lazy\" decoding=\"async\" src=\"http:\/\/php88.free.fr\/bdff\/film\/1998\/0016\/10s.jpg\" alt=\"\" width=\"221\" height=\"325\" \/><figcaption class=\"wp-caption-text\">De Gaulle le matin avant maquillage.<\/figcaption><\/figure><\/li>\n<li><strong>Les gros plans sur les yeux de Nicole<\/strong>. Olivier Dahan voue un culte \u00e0 Hitchcock. Ou bien il s&rsquo;est tromp\u00e9 de focale durant le tournage et s&rsquo;en est aper\u00e7u au montage. Dans tous les cas, on se retrouve \u00e0 intervalles r\u00e9guliers dans le film avec des gros plans sur les yeux de Nicole mixomatos\u00e9s de fatigue \/ joie \/ tristesse \/ col\u00e8re \/ compassion \/ peine (voir point 1).<\/li>\n<li><strong>Les acteurs fran\u00e7ais qui parlent anglais entre-eux<\/strong>. Ce qui est amusant dans un film doubl\u00e9 en fran\u00e7ais, c&rsquo;est que l&rsquo;on ne se rend pas compte des contorsions linguistes du sc\u00e9nario. Au pire, quand dans un film am\u00e9ricain doubl\u00e9 en fran\u00e7ais on veut prendre l&rsquo;accent fran\u00e7ais, le doubleur parle avec un accent italien (<em>Friends<\/em> en est un bon exemple). Et en VO \u00e7a donne quoi ? Un joyeux foutoir. O\u00f9 les acteurs am\u00e9ricains parlent anglais alors qu&rsquo;ils jouent un r\u00f4le de fran\u00e7ais, notamment quand ils parlent entre \u00ab\u00a0fran\u00e7ais\u00a0\u00bb. Ou encore chacun parlant dans sa langue maternelle et arrivent quand m\u00eame \u00e0 se comprendre. Quant \u00e0 De Gaulle et Rainier (tous deux parlant fran\u00e7ais), l&rsquo;un parle anglais (Tim Roth) tandis que l&rsquo;autre lui r\u00e9pond en fran\u00e7ais puis en anglais (?!).<\/li>\n<li><strong>Pour enfin situer Monaco sur une carte<\/strong>. Il faut le savoir : Monaco, c&rsquo;est aussi facile \u00e0 situer pr\u00e9cis\u00e9ment pour les fran\u00e7ais que les pays d&rsquo;Europe pour des am\u00e9ricains. Allez placer un pays de 2 kilom\u00e8tres carr\u00e9s entre Nice, Grasse, La Turbie, Cap d&rsquo;Ail&#8230;\n<p><figure style=\"width: 545px\" class=\"wp-caption aligncenter\"><img loading=\"lazy\" decoding=\"async\" src=\"http:\/\/static-mb.minutebuzz.com\/wp-content\/uploads\/2013\/11\/carte-5-545x396.jpg\" alt=\"\" width=\"545\" height=\"396\" \/><figcaption class=\"wp-caption-text\">Monaco est hors de la carte.<\/figcaption><\/figure><\/li>\n<li><strong>Ne plus confondre Grace de Monaco et Grace de Capitani.<\/strong> Croyez-moi, \u00e7a peut encore arriver. M\u00eame si avec le temps et la chirurgie esth\u00e9tique, on se rapproche dangereusement de Frigide Barjot.\n<p><figure id=\"attachment_8628\" aria-describedby=\"caption-attachment-8628\" style=\"width: 649px\" class=\"wp-caption aligncenter\"><img loading=\"lazy\" decoding=\"async\" class=\"wp-image-8628 size-full\" src=\"https:\/\/stanetdam.com\/wp-content\/uploads\/2014\/05\/Grace-de-Capitani.jpg\" alt=\"Grace de Capitani\" width=\"649\" height=\"449\" \/><figcaption id=\"caption-attachment-8628\" class=\"wp-caption-text\">Non, Frigide Barjot ne s&rsquo;est pas (encore) mise au cin\u00e9ma.<\/figcaption><\/figure><\/li>\n<li><strong>Le discours Miss France de cl\u00f4ture de film<\/strong>. Il ne manquait plus que Jean-Pierre Foucault, le diad\u00e8me \u00e9tant d\u00e9j\u00e0 pr\u00e9sent. Un immense moment, qui rappelle que l&rsquo;amour est ce qui sauvera les peuples de l&rsquo;oppression fasciste (ou \u00e0 minima \u00e9vitera que Monaco devienne un canton m\u00e9tropolitain). C&rsquo;est ce que nous rappelait d\u00e9j\u00e0 Sophie Marceau en 2007. En plus d\u00e9fonc\u00e9e il est vrai.\n<p style=\"text-align: center;\">[youtube rteQneu4Uzw]<\/p>\n<\/li>\n<\/ol>\n<p><strong>Grace de Monaco<\/strong>, un film d&rsquo;Olivier Dahan avec <span class=\"fs11\">Nicole Kidman, Tim Roth<\/span>&#8230; Un grand merci \u00e0 Gaumont pour l&rsquo;invitation en avant-premi\u00e8re \ud83d\ude42 Sans rancune vous allez d\u00e9chirer avec A Toute Epreuve, on en reparle bient\u00f4t ici m\u00eame.<\/p>\n<p>&nbsp;<\/p>\n<div id=\"themify_builder_content-8620\" data-postid=\"8620\" class=\"themify_builder_content themify_builder_content-8620 themify_builder\">\n    <\/div>\n<!-- \/themify_builder_content -->\n","protected":false},"excerpt":{"rendered":"<p>A l&rsquo;heure de la cl\u00f4ture de Cannes, et tandis que le buzz de la quinzaine a \u00e9t\u00e9 assur\u00e9 par le film \u00ab\u00a0Welcome to New-York\u00a0\u00bb (\u00e9clipsant le palmar\u00e8s final dont je mets au d\u00e9fi de me citer la palme d&rsquo;or), il est venu le temps des cath\u00e9drales de revenir sur ce qui a concentr\u00e9 l&rsquo;attention et [&hellip;]<\/p>\n","protected":false},"author":3,"featured_media":0,"comment_status":"open","ping_status":"open","sticky":false,"template":"","format":"standard","meta":{"footnotes":""},"categories":[2],"tags":[918,1340,1516,1633,2766],"class_list":["post-8620","post","type-post","status-publish","format-standard","hentry","category-loisiretportnawak","tag-critique-cinema","tag-festival-de-cannes","tag-gaumont","tag-grace-de-monaco","tag-olivier-dahan","has-post-title","has-post-date","has-post-category","has-post-tag","has-post-comment","has-post-author",""],"builder_content":"","_links":{"self":[{"href":"https:\/\/stanetdam.com\/index.php?rest_route=\/wp\/v2\/posts\/8620","targetHints":{"allow":["GET"]}}],"collection":[{"href":"https:\/\/stanetdam.com\/index.php?rest_route=\/wp\/v2\/posts"}],"about":[{"href":"https:\/\/stanetdam.com\/index.php?rest_route=\/wp\/v2\/types\/post"}],"author":[{"embeddable":true,"href":"https:\/\/stanetdam.com\/index.php?rest_route=\/wp\/v2\/users\/3"}],"replies":[{"embeddable":true,"href":"https:\/\/stanetdam.com\/index.php?rest_route=%2Fwp%2Fv2%2Fcomments&post=8620"}],"version-history":[{"count":0,"href":"https:\/\/stanetdam.com\/index.php?rest_route=\/wp\/v2\/posts\/8620\/revisions"}],"wp:attachment":[{"href":"https:\/\/stanetdam.com\/index.php?rest_route=%2Fwp%2Fv2%2Fmedia&parent=8620"}],"wp:term":[{"taxonomy":"category","embeddable":true,"href":"https:\/\/stanetdam.com\/index.php?rest_route=%2Fwp%2Fv2%2Fcategories&post=8620"},{"taxonomy":"post_tag","embeddable":true,"href":"https:\/\/stanetdam.com\/index.php?rest_route=%2Fwp%2Fv2%2Ftags&post=8620"}],"curies":[{"name":"wp","href":"https:\/\/api.w.org\/{rel}","templated":true}]}}