{"id":8479,"date":"2013-09-27T14:36:44","date_gmt":"2013-09-27T12:36:44","guid":{"rendered":"http:\/\/stanetdam.com\/?p=8479"},"modified":"2013-09-27T14:36:44","modified_gmt":"2013-09-27T12:36:44","slug":"recapitulatif-informations-lipad-5","status":"publish","type":"post","link":"https:\/\/stanetdam.com\/?p=8479","title":{"rendered":"R\u00e9capitulatif des informations sur l&rsquo;iPad 5"},"content":{"rendered":"<p>Pourquoi je suis en transe pour l\u2019iPad 5. Si tout ce qui fuite est vrai \u2026 ca va d\u00e9chirer.<\/p>\n<p><img loading=\"lazy\" decoding=\"async\" class=\"aligncenter size-full wp-image-8482\" alt=\"iPad_5_release_date\" src=\"https:\/\/stanetdam.com\/wp-content\/uploads\/2013\/09\/iPad_5_release_date.jpg\" width=\"549\" height=\"420\" \/> Quand\u00a0?<br \/>\nOn parle du 22 octobre (pr\u00e9sentation\u00a0? ou disponibilit\u00e9\u00a0?)<\/p>\n<p>Quoi\u00a0?<br \/>\nUn iPad 5 qui ressemble (form factor) \u00e0 l\u2019iPad mini avec les couleurs de l\u2019iPhone 5S.<\/p>\n<p>Quel poids\u00a0?<br \/>\n200 grammes de moins. Sur cet appareil, c\u2019est pr\u00e8s du 1\/3 du poids. Cela m\u2019\u00e9vitera de me d\u00e9monter l\u2019\u00e9paule comme je le fais depuis 4 ans.<\/p>\n<p style=\"text-align: center;\"><img loading=\"lazy\" decoding=\"async\" class=\"aligncenter  wp-image-8480\" alt=\"ipad-5-2\" src=\"https:\/\/stanetdam.com\/wp-content\/uploads\/2013\/09\/ipad-5-2.jpg\" width=\"390\" height=\"260\" \/><\/p>\n<p>Des caract\u00e9ristiques techniques\u00a0?<br \/>\nUn A7X. Soit l\u2019A7 de l\u2019iPhone 5S avec des fr\u00e9quences plus \u00e9lev\u00e9es.<br \/>\n64bits et des performances de folie (comme par hasard iOS7 non content de vider la batterie de mon iPad 3, lui donne un sacr\u00e9 coup de vieux. J\u2019ai plein de lag \u2013 ralentissement \u2013 sur l\u2019interface du syst\u00e8me).<\/p>\n<p style=\"text-align: center;\"><img loading=\"lazy\" decoding=\"async\" class=\"aligncenter  wp-image-8483\" alt=\"l___ipad_5_sera_mini_3456_north_620x\" src=\"https:\/\/stanetdam.com\/wp-content\/uploads\/2013\/09\/l___ipad_5_sera_mini_3456_north_620x.jpg\" width=\"434\" height=\"369\" \/><\/p>\n<p>Touch ID\u00a0?<br \/>\nTout semble concourir pour que le lecteur d\u2019empreinte de l\u2019iPhone 5S soit embarqu\u00e9.<br \/>\nFranchement, vivement que les API de Touch ID soit ouvert au tiers. Un exemple, la protection de Last Pass (service de sauvegarde hautement s\u00e9curis\u00e9 mutli-plateforme de mot de passe) par Touch ID.<\/p>\n<p>Soyons fous \u2026<br \/>\nLa m\u00eame cam\u00e9ra Front que celle de l\u2019iPhone 5S pour de meilleur conf call Face Time.<br \/>\nUne cam\u00e9ra arri\u00e8re digne de ce nom.<br \/>\nUne encore meilleure autonomie.<br \/>\nUn gestionnaire de carte SD.<\/p>\n<p><img loading=\"lazy\" decoding=\"async\" class=\"aligncenter size-full wp-image-8481\" alt=\"ipad-5-concept-ipad-Maxi_03\" src=\"https:\/\/stanetdam.com\/wp-content\/uploads\/2013\/09\/ipad-5-concept-ipad-Maxi_03.jpg\" width=\"600\" height=\"338\" \/><\/p>\n<p>On parle m\u00eame d\u2019un iPad 12 pouce \u2026 je n\u2019y crois pas trop et je demande surtout \u00e0 tester. Si le poids est contenu je dis encore plus oui. Plus d\u2019\u00e9cran magique. Une vraie page A4 vivante. Ouaaaahhhh<\/p>\n<h1 style=\"text-align: center;\"><span style=\"color: #ff0000;\">iPad 5 je te veux\u00a0!<\/span><\/h1>\n<div id=\"themify_builder_content-8479\" data-postid=\"8479\" class=\"themify_builder_content themify_builder_content-8479 themify_builder\">\n    <\/div>\n<!-- \/themify_builder_content -->\n","protected":false},"excerpt":{"rendered":"<p>Pourquoi je suis en transe pour l\u2019iPad 5. Si tout ce qui fuite est vrai \u2026 ca va d\u00e9chirer. Quand\u00a0? On parle du 22 octobre (pr\u00e9sentation\u00a0? ou disponibilit\u00e9\u00a0?) Quoi\u00a0? Un iPad 5 qui ressemble (form factor) \u00e0 l\u2019iPad mini avec les couleurs de l\u2019iPhone 5S. Quel poids\u00a0? 200 grammes de moins. Sur cet appareil, c\u2019est [&hellip;]<\/p>\n","protected":false},"author":2,"featured_media":0,"comment_status":"open","ping_status":"open","sticky":false,"template":"","format":"standard","meta":{"footnotes":""},"categories":[3],"tags":[1892,2665,3317],"class_list":["post-8479","post","type-post","status-publish","format-standard","hentry","category-sd-usages","tag-ipad-5","tag-news","tag-rumeurs","has-post-title","has-post-date","has-post-category","has-post-tag","has-post-comment","has-post-author",""],"builder_content":"","_links":{"self":[{"href":"https:\/\/stanetdam.com\/index.php?rest_route=\/wp\/v2\/posts\/8479","targetHints":{"allow":["GET"]}}],"collection":[{"href":"https:\/\/stanetdam.com\/index.php?rest_route=\/wp\/v2\/posts"}],"about":[{"href":"https:\/\/stanetdam.com\/index.php?rest_route=\/wp\/v2\/types\/post"}],"author":[{"embeddable":true,"href":"https:\/\/stanetdam.com\/index.php?rest_route=\/wp\/v2\/users\/2"}],"replies":[{"embeddable":true,"href":"https:\/\/stanetdam.com\/index.php?rest_route=%2Fwp%2Fv2%2Fcomments&post=8479"}],"version-history":[{"count":0,"href":"https:\/\/stanetdam.com\/index.php?rest_route=\/wp\/v2\/posts\/8479\/revisions"}],"wp:attachment":[{"href":"https:\/\/stanetdam.com\/index.php?rest_route=%2Fwp%2Fv2%2Fmedia&parent=8479"}],"wp:term":[{"taxonomy":"category","embeddable":true,"href":"https:\/\/stanetdam.com\/index.php?rest_route=%2Fwp%2Fv2%2Fcategories&post=8479"},{"taxonomy":"post_tag","embeddable":true,"href":"https:\/\/stanetdam.com\/index.php?rest_route=%2Fwp%2Fv2%2Ftags&post=8479"}],"curies":[{"name":"wp","href":"https:\/\/api.w.org\/{rel}","templated":true}]}}