{"id":8464,"date":"2013-09-10T15:46:48","date_gmt":"2013-09-10T13:46:48","guid":{"rendered":"http:\/\/stanetdam.com\/?p=8464"},"modified":"2013-09-10T15:46:48","modified_gmt":"2013-09-10T13:46:48","slug":"la-preuve-de-lexistence-du-capteur-biometrique-de-liphone-5s-comme-securite","status":"publish","type":"post","link":"https:\/\/stanetdam.com\/?p=8464","title":{"rendered":"La preuve de l&rsquo;existence du capteur biom\u00e9trique de l&rsquo;iPhone 5S (S comme S\u00e9curit\u00e9)"},"content":{"rendered":"<p>A quelques heures de la Keynote, les esprits et les supputations s&rsquo;\u00e9chauffent : est ce que l&rsquo;iPhone 5S sera innovant ? Genre rupture technologique \u00ab\u00a0avec du sens dedans\u00a0\u00bb comme seule Apple sait le faire ?<\/p>\n<p>Chez Stan&amp;Dam (enfin, l\u00e0 c&rsquo;est plut\u00f4t Dam car Stan se la coule douce en Corse au moment o\u00f9 je vous \u00e9cris ces ligne), on y croit. A chaque fois, le S \u00e0 voulu dire quelque chose :<\/p>\n<p>&#8211; 3GS pour \u00ab\u00a0Speed\u00a0\u00bb<\/p>\n<p>&#8211; 4S pour \u00ab\u00a0Siri\u00a0\u00bb<\/p>\n<p>&#8211; pour le 5S \u00e7a sera \u00ab\u00a0S\u00e9curit\u00e9\u00a0\u00bb<\/p>\n<p>Pour cela, c&rsquo;est l&rsquo;usage d&rsquo;un capteur biom\u00e9trique qui sera utilis\u00e9. Vous en doutez ? Nous pas. Regardez bien le carton d&rsquo;invitation de la Pomme :<\/p>\n<p style=\"text-align: center;\"><img loading=\"lazy\" decoding=\"async\" class=\"aligncenter\" alt=\"\" src=\"http:\/\/www.mac4ever.com\/images-articles\/5028_a-quoi-ressemble-le-capteur-d-empreintes-de-l-iphone-5s.jpg\" width=\"588\" height=\"323\" \/><\/p>\n<p>Ces cartons portent toujours des indices. Ici outre les pastilles de couleurs pour \u00e9voquer les teintes de l&rsquo;iPhone 5C, il y a ces ronds gris&#8230; qui rappellent le carr\u00e9 gris du bouton Home, mais version arrondie.<\/p>\n<p>Soit le graphisme de ce carr\u00e9 va changer sur les nouveaux boutons Home pour marquer la diff\u00e9rence de g\u00e9n\u00e9ration entre iPhone avec l&rsquo;arriv\u00e9e de ce capteur, soit le capteur sera plac\u00e9 AUTOUR du bout Home tel un halo, \u00e0 l&rsquo;image du halo que l&rsquo;on a autour de l&rsquo;ic\u00f4ne Siri.<\/p>\n<p><img loading=\"lazy\" decoding=\"async\" class=\"aligncenter\" alt=\"\" src=\"http:\/\/www.mac4ever.com\/images-articles\/5044_un-lecteur-d-empreintes-sur-le-nouvel-iphone-pour-quoi-faire.png\" width=\"599\" height=\"448\" \/><\/p>\n<p>Et au final tout \u00e7a pour faire quoi ? Quel est le \u00ab\u00a0b\u00e9n\u00e9fice client\u00a0\u00bb ? Nous voyons plusieurs pistes possibles :<\/p>\n<ul>\n<li>payer avec son iPhone : Passbook a \u00e9t\u00e9 la premi\u00e8re \u00e9tape d&rsquo;Apple pour cr\u00e9er un syst\u00e8me de billetique \u00e9lectronique via le QR-Code. Rajouter la reconnaissance de l&#8217;empreinte digitale, c&rsquo;est permettre par exemple l&rsquo;achat s\u00e9curis\u00e9 en ligne de tout plein de choses&#8230; surtout si Apple propose une API pour ce syst\u00e8me d&rsquo;identification. Et si ajout d&rsquo;une puce NFC, cela serait la s\u00e9curit\u00e9 ultime pour rassurer les consommateurs et le vrai lancement des micro-paiements par t\u00e9l\u00e9phone.<\/li>\n<li>d\u00e9verrouiller sans avoir besoin de rentrer un code : \u00e9vident, non ? Quoi que, s&rsquo;il ne vous reconnait pas, vous allez \u00eatre bien emb\u00eat\u00e9&#8230;<\/li>\n<li>s\u00e9curiser les \u00e9changes de contenus entre t\u00e9l\u00e9phones mobiles et ainsi peut-\u00eatre ouvrir la porte au monde de l&rsquo;entreprise \u00e0 l&rsquo;iPhone, \u00e0 l&rsquo;heure ou Blackberry est en vente.<\/li>\n<\/ul>\n<p>Et peut-\u00eatre plein d&rsquo;autres choses auxquelles nous n&rsquo;avons pas pens\u00e9&#8230;<\/p>\n<p>A ce soir pour la Keynote !<\/p>\n<p>PS : oui bien sur vous pourriez me dire (comme Stan, depuis sa retraite Corse) que tout cela a \u00e9t\u00e9 confirm\u00e9 par le WSJ,\u00a0par la notice qui a fuit\u00e9,\u00a0par le packaging ou le bouton a bien chang\u00e9,\u00a0par le SDK&#8230; Mais tant qu&rsquo;Apple n&rsquo;a rien pr\u00e9sent\u00e9 cela reste des hypoth\u00e8ses \ud83d\ude09<\/p>\n<div id=\"themify_builder_content-8464\" data-postid=\"8464\" class=\"themify_builder_content themify_builder_content-8464 themify_builder\">\n    <\/div>\n<!-- \/themify_builder_content -->\n","protected":false},"excerpt":{"rendered":"<p>A quelques heures de la Keynote, les esprits et les supputations s&rsquo;\u00e9chauffent : est ce que l&rsquo;iPhone 5S sera innovant ? Genre rupture technologique \u00ab\u00a0avec du sens dedans\u00a0\u00bb comme seule Apple sait le faire ? Chez Stan&amp;Dam (enfin, l\u00e0 c&rsquo;est plut\u00f4t Dam car Stan se la coule douce en Corse au moment o\u00f9 je vous [&hellip;]<\/p>\n","protected":false},"author":3,"featured_media":0,"comment_status":"open","ping_status":"open","sticky":false,"template":"","format":"standard","meta":{"footnotes":""},"categories":[4],"tags":[256,1899,1908,1909],"class_list":["post-8464","post","type-post","status-publish","format-standard","hentry","category-sd-dossier","tag-apple","tag-iphone","tag-iphone-5c","tag-iphone-5s","has-post-title","has-post-date","has-post-category","has-post-tag","has-post-comment","has-post-author",""],"builder_content":"","_links":{"self":[{"href":"https:\/\/stanetdam.com\/index.php?rest_route=\/wp\/v2\/posts\/8464","targetHints":{"allow":["GET"]}}],"collection":[{"href":"https:\/\/stanetdam.com\/index.php?rest_route=\/wp\/v2\/posts"}],"about":[{"href":"https:\/\/stanetdam.com\/index.php?rest_route=\/wp\/v2\/types\/post"}],"author":[{"embeddable":true,"href":"https:\/\/stanetdam.com\/index.php?rest_route=\/wp\/v2\/users\/3"}],"replies":[{"embeddable":true,"href":"https:\/\/stanetdam.com\/index.php?rest_route=%2Fwp%2Fv2%2Fcomments&post=8464"}],"version-history":[{"count":0,"href":"https:\/\/stanetdam.com\/index.php?rest_route=\/wp\/v2\/posts\/8464\/revisions"}],"wp:attachment":[{"href":"https:\/\/stanetdam.com\/index.php?rest_route=%2Fwp%2Fv2%2Fmedia&parent=8464"}],"wp:term":[{"taxonomy":"category","embeddable":true,"href":"https:\/\/stanetdam.com\/index.php?rest_route=%2Fwp%2Fv2%2Fcategories&post=8464"},{"taxonomy":"post_tag","embeddable":true,"href":"https:\/\/stanetdam.com\/index.php?rest_route=%2Fwp%2Fv2%2Ftags&post=8464"}],"curies":[{"name":"wp","href":"https:\/\/api.w.org\/{rel}","templated":true}]}}