{"id":8393,"date":"2013-07-09T22:52:04","date_gmt":"2013-07-09T20:52:04","guid":{"rendered":"http:\/\/stanetdam.com\/?p=8393"},"modified":"2013-07-09T22:52:04","modified_gmt":"2013-07-09T20:52:04","slug":"veille-de-stan-le-saumon-norvegien-dangereux-pour-notre-sante-il-faut-proteger-les-consommateurs","status":"publish","type":"post","link":"https:\/\/stanetdam.com\/?p=8393","title":{"rendered":"[Veille de Stan] &#8211; Le saumon norv\u00e9gien, dangereux pour notre sant\u00e9 : il faut prot\u00e9ger les consommateurs"},"content":{"rendered":"<p><img decoding=\"async\" src=\"http:\/\/referentiel.nouvelobs.com\/wsfile\/0541373393767.jpg\"\/><\/p>\n<p>Saumon dans un \u00e9levage de Tosviken en Norv\u00e8ge. (TIBEL\/SCANPIX SUEDE\/SIPA)  Un tr\u00e8s grave probl\u00e8me de sant\u00e9 alimentaire et environnementale vient d\u2019\u00e9clater au grand jour en Norv\u00e8ge. Le saumon d\u2019\u00e9levage y est produit dans des conditions scandaleuses et est nocif pour la sant\u00e9.<\/p>\n<p>En provenance direct de:<br \/>\nhttp:\/\/leplus.nouvelobs.com\/contribution\/904961-le-saumon-norvegien-dangereux-pour-notre-sante-il-faut-proteger-les-consommateurs.html<\/p>\n<div id=\"themify_builder_content-8393\" data-postid=\"8393\" class=\"themify_builder_content themify_builder_content-8393 themify_builder\">\n    <\/div>\n<!-- \/themify_builder_content -->\n","protected":false},"excerpt":{"rendered":"<p>Saumon dans un \u00e9levage de Tosviken en Norv\u00e8ge. (TIBEL\/SCANPIX SUEDE\/SIPA) Un tr\u00e8s grave probl\u00e8me de sant\u00e9 alimentaire et environnementale vient d\u2019\u00e9clater au grand jour en Norv\u00e8ge. Le saumon d\u2019\u00e9levage y est produit dans des conditions scandaleuses et est nocif pour la sant\u00e9. En provenance direct de: http:\/\/leplus.nouvelobs.com\/contribution\/904961-le-saumon-norvegien-dangereux-pour-notre-sante-il-faut-proteger-les-consommateurs.html<\/p>\n","protected":false},"author":2,"featured_media":0,"comment_status":"open","ping_status":"open","sticky":false,"template":"","format":"standard","meta":{"footnotes":""},"categories":[10],"tags":[],"class_list":["post-8393","post","type-post","status-publish","format-standard","hentry","category-veille-de-stan","has-post-title","has-post-date","has-post-category","has-post-tag","has-post-comment","has-post-author",""],"builder_content":"","_links":{"self":[{"href":"https:\/\/stanetdam.com\/index.php?rest_route=\/wp\/v2\/posts\/8393","targetHints":{"allow":["GET"]}}],"collection":[{"href":"https:\/\/stanetdam.com\/index.php?rest_route=\/wp\/v2\/posts"}],"about":[{"href":"https:\/\/stanetdam.com\/index.php?rest_route=\/wp\/v2\/types\/post"}],"author":[{"embeddable":true,"href":"https:\/\/stanetdam.com\/index.php?rest_route=\/wp\/v2\/users\/2"}],"replies":[{"embeddable":true,"href":"https:\/\/stanetdam.com\/index.php?rest_route=%2Fwp%2Fv2%2Fcomments&post=8393"}],"version-history":[{"count":0,"href":"https:\/\/stanetdam.com\/index.php?rest_route=\/wp\/v2\/posts\/8393\/revisions"}],"wp:attachment":[{"href":"https:\/\/stanetdam.com\/index.php?rest_route=%2Fwp%2Fv2%2Fmedia&parent=8393"}],"wp:term":[{"taxonomy":"category","embeddable":true,"href":"https:\/\/stanetdam.com\/index.php?rest_route=%2Fwp%2Fv2%2Fcategories&post=8393"},{"taxonomy":"post_tag","embeddable":true,"href":"https:\/\/stanetdam.com\/index.php?rest_route=%2Fwp%2Fv2%2Ftags&post=8393"}],"curies":[{"name":"wp","href":"https:\/\/api.w.org\/{rel}","templated":true}]}}