{"id":8353,"date":"2013-06-07T00:09:53","date_gmt":"2013-06-06T22:09:53","guid":{"rendered":"http:\/\/www.stanetdam.com\/?p=8353"},"modified":"2013-06-07T00:09:53","modified_gmt":"2013-06-06T22:09:53","slug":"la-verite-sur-le-non-retour-de-kaamelott","status":"publish","type":"post","link":"https:\/\/stanetdam.com\/?p=8353","title":{"rendered":"La v\u00e9rit\u00e9 sur le non retour de Kaamelott"},"content":{"rendered":"<p><img loading=\"lazy\" decoding=\"async\" class=\"aligncenter\" alt=\"\" src=\"http:\/\/3.bp.blogspot.com\/_rojU_SugDi4\/ShpcFerJ6lI\/AAAAAAAAAas\/F3RlHg_WExM\/s400\/alexandre_astier.jpg\" width=\"400\" height=\"266\" \/><\/p>\n<p>Mardi 4 juin vers 23h30, un tweet de Kyan Khojandi attire mon oeil. Il r\u00e9pond \u00e0 un tweet de @sgtpembry aka Alexandre Astier. Je regarde le tweet d\u2019Alexandre Astier, qui d\u00e9bouche sur un tr\u00e8s long texte expliquant les raisons du non retour de Kaameloot pour le moment \u00e0 l\u2019\u00e9cran.<\/p>\n<p>Le lendemain matin, le tweet avait \u00e9t\u00e9 effac\u00e9. Aurais je r\u00eav\u00e9 ? Et je n\u2019ai pas fait de copie d\u2019\u00e9cran. Certainement car il faisait acte de (trop) de sinc\u00e9rit\u00e9, comme M.Astier sait le faire, envers ses fans. Pour autant, je d\u00e9sire partager avec vous ce qui \u00e9tait dit. Les raisons principales \u00e9voqu\u00e9es.<\/p>\n<p>Alexandre Astier disait en substance que le probl\u00e8me ne venait pas de la chaine M6. Ni des financements, inutile d\u2019envisager le crowdsourcing pour le moment. Et qu\u2019il avait l\u2019histoire \u201cdans sa poche\u201d, aussi bien le d\u00e9veloppement que la fin. Mais que le probl\u00e8me principal venait des conditions dans lesquelles il voulait se lancer dans une aventure de 10 ans (!) soit une trilogie et un film \u00e9pilogue.<\/p>\n<p>Manifestement, les conditions actuelles contractuelles, s\u2019il se lan\u00e7ait, seraient celles de 2004. C\u2019est l\u00e0, qu\u2019\u00e0 mon sens, le long texte a pos\u00e9 probl\u00e8me, expliquant qu\u2019il ne d\u00e9sirait pas travailler avec des gens qui ne lui apportait pas le soutien artistique n\u00e9cessaire. Le propos \u00e9tait flou : parlait-il d\u2019associ\u00e9s ? De producteurs ? D\u2019autres acteurs ?<\/p>\n<p>Bref, Alexandre est comme un lion en cage avec son b\u00e9b\u00e9 dont il ne peut, pour le moment, assurer l\u2019avenir qu\u2019il veut pour lui. Alors que tout est presque r\u00e9unit.<\/p>\n<p>Il demandait \u00e0 ses fans de la patience. Qu\u2019il avait d\u00e9j\u00e0 dit qu\u2019il ferait 50% de sa carri\u00e8re sur Kaameloot et 50% sur autre chose, et que donc pour le moment c\u2019est le autre chose qui passait en priorit\u00e9 \u00e0 son regret. Qu\u2019\u00e0 38 ans dans quelques jours il avait le temps encore devant lui avant qu\u2019Arthur ne soit plus raccord \u00e0 l\u2019\u00e9cran. Que d\u2019apr\u00e8s ses calculs seuls ses fans de 72 ans pourraient ne pas voir ce projet qui lui tient \u00e0 coeur r\u00e9alis\u00e9. Et qu\u2019il valait mieux garder ses forces plut\u00f4t que de vouloir aller incendier la chaine ou qui que ce soit d\u2019autre, car si besoin le jour o\u00f9 il aurait besoin de nous il aurait besoin de gens en pleine forme !<\/p>\n<p>Bref, Kaamelott n\u2019est pas fini. Juste dans une orni\u00e8re d\u00e9bile dont il veut le sortir d\u00e8s que possible.<\/p>\n<div id=\"themify_builder_content-8353\" data-postid=\"8353\" class=\"themify_builder_content themify_builder_content-8353 themify_builder\">\n    <\/div>\n<!-- \/themify_builder_content -->\n","protected":false},"excerpt":{"rendered":"<p>Mardi 4 juin vers 23h30, un tweet de Kyan Khojandi attire mon oeil. Il r\u00e9pond \u00e0 un tweet de @sgtpembry aka Alexandre Astier. Je regarde le tweet d\u2019Alexandre Astier, qui d\u00e9bouche sur un tr\u00e8s long texte expliquant les raisons du non retour de Kaameloot pour le moment \u00e0 l\u2019\u00e9cran. Le lendemain matin, le tweet avait [&hellip;]<\/p>\n","protected":false},"author":3,"featured_media":0,"comment_status":"open","ping_status":"open","sticky":false,"template":"","format":"standard","meta":{"footnotes":""},"categories":[2],"tags":[178,2026],"class_list":["post-8353","post","type-post","status-publish","format-standard","hentry","category-loisiretportnawak","tag-alexandre-astier","tag-kaamelott","has-post-title","has-post-date","has-post-category","has-post-tag","has-post-comment","has-post-author",""],"builder_content":"","_links":{"self":[{"href":"https:\/\/stanetdam.com\/index.php?rest_route=\/wp\/v2\/posts\/8353","targetHints":{"allow":["GET"]}}],"collection":[{"href":"https:\/\/stanetdam.com\/index.php?rest_route=\/wp\/v2\/posts"}],"about":[{"href":"https:\/\/stanetdam.com\/index.php?rest_route=\/wp\/v2\/types\/post"}],"author":[{"embeddable":true,"href":"https:\/\/stanetdam.com\/index.php?rest_route=\/wp\/v2\/users\/3"}],"replies":[{"embeddable":true,"href":"https:\/\/stanetdam.com\/index.php?rest_route=%2Fwp%2Fv2%2Fcomments&post=8353"}],"version-history":[{"count":0,"href":"https:\/\/stanetdam.com\/index.php?rest_route=\/wp\/v2\/posts\/8353\/revisions"}],"wp:attachment":[{"href":"https:\/\/stanetdam.com\/index.php?rest_route=%2Fwp%2Fv2%2Fmedia&parent=8353"}],"wp:term":[{"taxonomy":"category","embeddable":true,"href":"https:\/\/stanetdam.com\/index.php?rest_route=%2Fwp%2Fv2%2Fcategories&post=8353"},{"taxonomy":"post_tag","embeddable":true,"href":"https:\/\/stanetdam.com\/index.php?rest_route=%2Fwp%2Fv2%2Ftags&post=8353"}],"curies":[{"name":"wp","href":"https:\/\/api.w.org\/{rel}","templated":true}]}}