{"id":8221,"date":"2013-04-04T09:00:37","date_gmt":"2013-04-04T07:00:37","guid":{"rendered":"http:\/\/www.stanetdam.com\/?p=8221"},"modified":"2013-04-04T09:00:37","modified_gmt":"2013-04-04T07:00:37","slug":"myphotoagency-la-premiere-agence-de-photographes-collaborative","status":"publish","type":"post","link":"https:\/\/stanetdam.com\/?p=8221","title":{"rendered":"MyPhotoAgency, la premi\u00e8re agence de photographes collaborative"},"content":{"rendered":"<p style=\"text-align: center;\"><img loading=\"lazy\" decoding=\"async\" class=\"aligncenter\" alt=\"\" src=\"http:\/\/imworld.aufeminin.com\/dossiers\/D20130304\/Home-page-Myphotoagency-ok-130647_L.jpg\" width=\"627\" height=\"403\" \/><\/p>\n<p>J&rsquo;\u00e9tais hier soir au lancement officiel de la plateforme <a href=\"http:\/\/www.myphotoagency.com\">MyPhotoAgency<\/a>, qui ambitionne de digitaliser le m\u00e9tier d\u2019agent de photographes. Et j&rsquo;ai aim\u00e9.<\/p>\n<p>Sorte de <a href=\"http:\/\/www.eyeka.com\">Eyeka<\/a> d\u00e9di\u00e9 au monde de la photographie &#8211; la place de march\u00e9 pour vendre ses \u0153uvres en plus &#8211; ce nouveau service se place \u00e0 la confluence entre les demandes des entreprises, l&rsquo;\u00e9mergence des talents du web et la confirmation des talents professionnels.<\/p>\n<p>Alors que le march\u00e9 de la photo est en pleine r\u00e9volution, que la tendance photo s&rsquo;est durablement install\u00e9e, que la demande de photos a \u00e9volu\u00e9, l&rsquo;offre a stagn\u00e9. Ainsi, l&rsquo;id\u00e9e lanc\u00e9e par Dan Kleczewski et ma copine Sarah Aizenman, me parait surfer sur l&rsquo;air du temps. Bien jou\u00e9.<\/p>\n<p style=\"text-align: center;\">[dailymotion xxur8n_myphotoagency-nouvelle-agence-de-photographes-collaborative-sur-frenchweb_news nolink]<\/p>\n<p>Con\u00e7ue autour d\u2019une plateforme web communautaire,\u00a0<strong>MyPhotoAgency \u0153uvre en faveur de l\u2019\u00e9mergence d\u2019une communaut\u00e9 de nouveaux photographes, amateurs ou professionnels, gr\u00e2ce au soutien des Internautes<\/strong>. Tel des agents, les Internautes sont r\u00e9guli\u00e8rement invit\u00e9s \u00e0 voter pour leurs photographes pr\u00e9f\u00e9r\u00e9s, permettant ainsi :<br \/>\n\u2022 La mise en place d\u2019expositions collaboratives<br \/>\n\u2022 La r\u00e9alisation de campagnes de publicit\u00e9s communautaires<br \/>\n\u2022 La vente de photographies d\u2019art.<\/p>\n<p>Mais ce qui constitue, pour moi, le coeur du r\u00e9acteur, <strong>c&rsquo;est le positionnement original entre la banque d\u2019images et l\u2019agence traditionnelle<\/strong> afin de constituer une solution cl\u00e9 en mains pour les annonceurs. Quand j&rsquo;\u00e9tais en poste notamment en start-up, le nombre de fois o\u00f9 l&rsquo;on voulait des photos autres que issues de stocks Getty&#8230; ce que l&rsquo;on ne savait pas faire, except\u00e9 payer cher ou bien demander \u00e0 un copain photographe.<\/p>\n<p style=\"text-align: center;\">[dailymotion xwe51c_myphotoagency-agence-de-photographes-collaborative_creation nolink]<\/p>\n<p>Sur MyPhotoAgency,<strong> les professionnels ont l\u2019opportunit\u00e9 de challenger une communaut\u00e9 de photographes de talent autour de la conception de leurs campagnes de communication.<\/strong> Entre la banque d\u2019images et le photographe \u00e9tabli, le service propose une alternative communautaire \u00e0 des tarifs accessibles permettant aux annonceurs :<br \/>\n\u2022 soit de d\u00e9poser une annonce qui sera transmise \u00e0 l\u2019ensemble des photographes<br \/>\n\u2022 soit d\u2019organiser un concours photos autour de leur identit\u00e9 de marque.<\/p>\n<p>Un grand bravo \u00e0 ses deux fondateurs qui ont lev\u00e9 300000\u20ac aupr\u00e8s de trois investisseurs priv\u00e9s : Michael Benabou, Co-fondateur de Vente-Priv\u00e9e.com, Gilles Dyan, Fondateur d\u2019Opera Gallery et Dominique Romano.<\/p>\n<p><em>PS : article non sponsoris\u00e9. Quand on a un coup de c\u0153ur, on le dit !<\/em><\/p>\n<div id=\"themify_builder_content-8221\" data-postid=\"8221\" class=\"themify_builder_content themify_builder_content-8221 themify_builder\">\n    <\/div>\n<!-- \/themify_builder_content -->\n","protected":false},"excerpt":{"rendered":"<p>J&rsquo;\u00e9tais hier soir au lancement officiel de la plateforme MyPhotoAgency, qui ambitionne de digitaliser le m\u00e9tier d\u2019agent de photographes. Et j&rsquo;ai aim\u00e9. Sorte de Eyeka d\u00e9di\u00e9 au monde de la photographie &#8211; la place de march\u00e9 pour vendre ses \u0153uvres en plus &#8211; ce nouveau service se place \u00e0 la confluence entre les demandes des [&hellip;]<\/p>\n","protected":false},"author":3,"featured_media":0,"comment_status":"open","ping_status":"open","sticky":false,"template":"","format":"standard","meta":{"footnotes":""},"categories":[3],"tags":[],"class_list":["post-8221","post","type-post","status-publish","format-standard","hentry","category-sd-usages","has-post-title","has-post-date","has-post-category","has-post-tag","has-post-comment","has-post-author",""],"builder_content":"","_links":{"self":[{"href":"https:\/\/stanetdam.com\/index.php?rest_route=\/wp\/v2\/posts\/8221","targetHints":{"allow":["GET"]}}],"collection":[{"href":"https:\/\/stanetdam.com\/index.php?rest_route=\/wp\/v2\/posts"}],"about":[{"href":"https:\/\/stanetdam.com\/index.php?rest_route=\/wp\/v2\/types\/post"}],"author":[{"embeddable":true,"href":"https:\/\/stanetdam.com\/index.php?rest_route=\/wp\/v2\/users\/3"}],"replies":[{"embeddable":true,"href":"https:\/\/stanetdam.com\/index.php?rest_route=%2Fwp%2Fv2%2Fcomments&post=8221"}],"version-history":[{"count":0,"href":"https:\/\/stanetdam.com\/index.php?rest_route=\/wp\/v2\/posts\/8221\/revisions"}],"wp:attachment":[{"href":"https:\/\/stanetdam.com\/index.php?rest_route=%2Fwp%2Fv2%2Fmedia&parent=8221"}],"wp:term":[{"taxonomy":"category","embeddable":true,"href":"https:\/\/stanetdam.com\/index.php?rest_route=%2Fwp%2Fv2%2Fcategories&post=8221"},{"taxonomy":"post_tag","embeddable":true,"href":"https:\/\/stanetdam.com\/index.php?rest_route=%2Fwp%2Fv2%2Ftags&post=8221"}],"curies":[{"name":"wp","href":"https:\/\/api.w.org\/{rel}","templated":true}]}}