{"id":8081,"date":"2012-11-18T17:00:55","date_gmt":"2012-11-18T16:00:55","guid":{"rendered":"http:\/\/www.stanetdam.com\/?p=8081"},"modified":"2012-11-18T17:00:55","modified_gmt":"2012-11-18T16:00:55","slug":"le-secret-de-bref","status":"publish","type":"post","link":"https:\/\/stanetdam.com\/?p=8081","title":{"rendered":"Le secret de Bref"},"content":{"rendered":"<p style=\"text-align: center;\"><img loading=\"lazy\" decoding=\"async\" class=\"aligncenter\" style=\"border: 0px none;\" title=\"brefserietele.jpg\" src=\"\/wp-content\/uploads\/stanetdamv3\/brefserietele.jpg\" alt=\"brefserietele.jpg\" width=\"402\" height=\"272\" align=\"absmiddle\" border=\"0\" \/><\/p>\n<p style=\"text-align: left;\">\n<p style=\"text-align: left;\">\n<p style=\"text-align: left;\">\u00ab\u00a0On l\u2019a fait\u00a0\u00bb. Le poing lev\u00e9, Kyan entre en sc\u00e8ne, et prend une ovation en pleine face. Il semble sinc\u00e8rement touch\u00e9. Qui ne le serait pas. Bref. C\u2019est sa soir\u00e9e ou c\u2019est pas sa soir\u00e9e\u00a0?<\/p>\n<p>Tout commence par la r\u00e9solution d\u2019une \u00e9nigme qui nous avait laiss\u00e9 tous sur notre faim, le 12 juillet 2012. \u00ab\u00a0J\u2019arrive au cin\u00e9ma\u00a0\u00bb nous dit JE, le h\u00e9ros de Bref. Sortie de champ, <em>cut<\/em> au noir. L\u2019histoire est finie, et avec elle des millions de drogu\u00e9s qui se trouvent priv\u00e9s de leur dose quotidienne. Crise d\u2019hyst\u00e9r\u00e9sie collective.<\/p>\n<p>Jusqu\u2019\u00e0 ce 18 septembre fatal\u00a0: une grande s\u00e9ance de shoot est organis\u00e9e dans un grande salle bien centrale \u00e0 Paris le 23 octobre. Je me pr\u00e9cipite sur les billets, j\u2019en serai\u00a0!<\/p>\n<p>Mais pourquoi une telle d\u00e9ferlante pour une micro-s\u00e9rie (par la dur\u00e9e des saisons et des \u00e9pisodes) devenue culte avant m\u00eame d\u2019avoir sign\u00e9 son dernier \u00e9pisode\u00a0?<\/p>\n<p>Bref c\u2019est l\u2019histoire d\u2019une communaut\u00e9 qui s\u2019est rassembl\u00e9e spontan\u00e9ment sur les r\u00e9seaux sociaux pour faire de cette s\u00e9rie la premi\u00e8re trans-genre, aussi bien regard\u00e9e sur l\u2019\u00e9cran de t\u00e9l\u00e9 que d\u2019ordinateur. Une proximit\u00e9, une \u00ab\u00a0complicit\u00e9 sociale\u00a0\u00bb in\u00e9dite dont les auteurs ont pleinement jou\u00e9.<\/p>\n<p>Loin d\u2019une r\u00e9trospective o\u00f9 l\u2019on enquille les \u00e9pisodes avec une vague pr\u00e9sence de l\u2019\u00e9quipe au d\u00e9but \u00ab\u00a0histoire de\u00a0\u00bb, la soir\u00e9e Bref ce fut celle des attentions envers \u00ab\u00a0la\u00a0\u00bb communaut\u00e9\u00a0: des petits sacs cadeaux sur <span style=\"text-decoration: underline;\">tous<\/span> les fauteuils de la grande salle du Rex, un live-stream \u00e9ph\u00e9m\u00e8re sur le web (pas de <em>replay<\/em> disponible apr\u00e8s coup pour accentuer le c\u00f4t\u00e9 \u00ab\u00a0tu y es ou tu n\u2019y es pas\u00a0\u00bb), des spectateurs parisiens se parlant par tweets interpos\u00e9s sur l\u2019\u00e9cran de cin\u00e9ma avec ceux qui \u00e9taient devant leur ordinateur\u2026 Tout \u00e9tait fait pour se sentir en famille.<\/p>\n<p>Rompant avec le rythme zapping des \u00e9pisodes, les acteurs et les invit\u00e9s (Florence Foresti, Manu Payet, Elie Semoun\u2026) firent en sortent de sortir litt\u00e9ralement de l\u2019\u00e9cran, stoppant soudainement la diffusion d\u2019un \u00e9pisode pour prendre possession quelques instants du public et de la sc\u00e8ne et enflammant cette soir\u00e9e de potes.<\/p>\n<p>Idem pour la musique\u00a0: les notes se mat\u00e9rialisent en la pr\u00e9sence de The Name, le groupe qui a compos\u00e9 une grande partie des musiques de la s\u00e9rie, ou bien en la personnes d\u2019Emilie Simon accompagn\u00e9e par le fr\u00e8re de Kyan \u00e0 la guitare. Puissant.<\/p>\n<p>En ce sens, Bref est du m\u00eame acabit que Kaamelott : d\u2019ailleurs, l\u2019apparition d\u2019Alexandre Astier dans l\u2019\u00e9pisode <em>Bref, y a des gens qui m\u2019\u00e9nervent<\/em> fut salu\u00e9e d\u2019une ovation de la salle. Tout est dans le d\u00e9tail et le respect du spectateur, et dans le partage de r\u00e9f\u00e9rences communes, comme me l\u2019expliquait il y a peu Bruno Muschio, co-auteur de la s\u00e9rie\u00a0:<\/p>\n<p style=\"text-align: center;\">[youtube DR54ENJ3LN4]<\/p>\n<p>Bref, c\u2019est plus qu\u2019une exp\u00e9rience. C\u2019est une \u00ab\u00a0putain de le\u00e7on d\u2019exigence cr\u00e9ative\u00a0\u00bb comme m\u2019a gliss\u00e9 un certain Wale \u00e0 la sortie de la salle. Des artistes intransigeants avec ce qu\u2019ils donnent au public, des Cr\u00e9ateurs.<\/p>\n<p>Bref. Merci. Vous nous manquez.<\/p>\n<div id=\"themify_builder_content-8081\" data-postid=\"8081\" class=\"themify_builder_content themify_builder_content-8081 themify_builder\">\n    <\/div>\n<!-- \/themify_builder_content -->\n","protected":false},"excerpt":{"rendered":"<p>\u00ab\u00a0On l\u2019a fait\u00a0\u00bb. Le poing lev\u00e9, Kyan entre en sc\u00e8ne, et prend une ovation en pleine face. Il semble sinc\u00e8rement touch\u00e9. Qui ne le serait pas. Bref. C\u2019est sa soir\u00e9e ou c\u2019est pas sa soir\u00e9e\u00a0? Tout commence par la r\u00e9solution d\u2019une \u00e9nigme qui nous avait laiss\u00e9 tous sur notre faim, le 12 juillet 2012. \u00ab\u00a0J\u2019arrive [&hellip;]<\/p>\n","protected":false},"author":3,"featured_media":0,"comment_status":"open","ping_status":"open","sticky":false,"template":"","format":"standard","meta":{"footnotes":""},"categories":[2],"tags":[544,562,608,2069],"class_list":["post-8081","post","type-post","status-publish","format-standard","hentry","category-loisiretportnawak","tag-bref","tag-bruno-navo-mushio","tag-canal-plus","tag-kyan-khojandi","has-post-title","has-post-date","has-post-category","has-post-tag","has-post-comment","has-post-author",""],"builder_content":"","_links":{"self":[{"href":"https:\/\/stanetdam.com\/index.php?rest_route=\/wp\/v2\/posts\/8081","targetHints":{"allow":["GET"]}}],"collection":[{"href":"https:\/\/stanetdam.com\/index.php?rest_route=\/wp\/v2\/posts"}],"about":[{"href":"https:\/\/stanetdam.com\/index.php?rest_route=\/wp\/v2\/types\/post"}],"author":[{"embeddable":true,"href":"https:\/\/stanetdam.com\/index.php?rest_route=\/wp\/v2\/users\/3"}],"replies":[{"embeddable":true,"href":"https:\/\/stanetdam.com\/index.php?rest_route=%2Fwp%2Fv2%2Fcomments&post=8081"}],"version-history":[{"count":0,"href":"https:\/\/stanetdam.com\/index.php?rest_route=\/wp\/v2\/posts\/8081\/revisions"}],"wp:attachment":[{"href":"https:\/\/stanetdam.com\/index.php?rest_route=%2Fwp%2Fv2%2Fmedia&parent=8081"}],"wp:term":[{"taxonomy":"category","embeddable":true,"href":"https:\/\/stanetdam.com\/index.php?rest_route=%2Fwp%2Fv2%2Fcategories&post=8081"},{"taxonomy":"post_tag","embeddable":true,"href":"https:\/\/stanetdam.com\/index.php?rest_route=%2Fwp%2Fv2%2Ftags&post=8081"}],"curies":[{"name":"wp","href":"https:\/\/api.w.org\/{rel}","templated":true}]}}