{"id":7956,"date":"2012-09-12T18:38:35","date_gmt":"2012-09-12T16:38:35","guid":{"rendered":"http:\/\/www.stanetdam.com\/?p=7956"},"modified":"2012-09-12T18:38:35","modified_gmt":"2012-09-12T16:38:35","slug":"orange-a-confie-les-cles-du-design-a-la-jeune-generation","status":"publish","type":"post","link":"https:\/\/stanetdam.com\/?p=7956","title":{"rendered":"Orange a confi\u00e9 les cl\u00e9s du design \u00e0 la jeune g\u00e9n\u00e9ration"},"content":{"rendered":"<p><iframe loading=\"lazy\" src=\"http:\/\/api.dmcloud.net\/player\/embed\/4caed016f325e179f0000001\/504dcb7394739936e8000468\/0c0c9e9628364acaa63fe8e5e08b883f?exported=1\" frameborder=\"0\" width=\"640\" height=\"361\"><\/iframe><br \/>\nDans la lign\u00e9e de la Paris Design Week, Orange a hier soir confi\u00e9 les \u00ab\u00a0cl\u00e9s du design\u00a0\u00bb \u00e0 une jeune g\u00e9n\u00e9ration talentueuse et ambitieuse.<\/p>\n<p>Direction le <a title=\"Le 104\" href=\"http:\/\/www.104.fr\">104<\/a> pour une soir\u00e9e autour d&rsquo;un th\u00e8me tr\u00e8s cher \u00e0 l&rsquo;op\u00e9rateur : \u00ab\u00a0<strong>Comment mieux vivre chez soi gr\u00e2ce au num\u00e9rique?<\/strong>\u00a0\u00bb ou comment peut-on imaginer la maison connect\u00e9e pour mieux vivre ensemble.<\/p>\n<p>Parenth\u00e8se : j&rsquo;adore ce type de soir\u00e9e car elle me rappelle les projets sur lesquels je bossais chez Orange Labs \u00e0 l&rsquo;\u00e9poque, r\u00e9interpr\u00e9tations du monde par le prisme d&rsquo;artistes qui nous donnent une vision du monde \u00e0 venir. Et surtout une anticipation de l&rsquo;\u00e9volution des usages des technologies et des t\u00e9l\u00e9coms. C&rsquo;est vraiment mon petit plaisir (\u00e7a doit titiller ma fibre cr\u00e9ative d\u00e9\u00e7ue de ne pas \u00eatre un designer).<\/p>\n<p>En lice donc : <strong>cinq grandes \u00e9coles de design europ\u00e9ennes<\/strong> et <strong>58 \u00e9tudiants des quatre coins du monde<\/strong> ont imagin\u00e9 37 projets (d\u00e9tails des projets sur le <a href=\"http:\/\/lecollectif.orange.fr\/concours-jeunes-designers\/\" target=\"_blank\" rel=\"noopener noreferrer\">Collectif d\u2019Orange<\/a>) exploitant objets et \u00e9crans connect\u00e9s, jug\u00e9s par un <strong>jury de 16 professionnels<\/strong> <strong>du num\u00e9rique, de l\u2019Art, du design et du monde \u00e9conomique<\/strong>, le tout pr\u00e9sid\u00e9 par la designer italienne <a href=\"http:\/\/www.debevilacqua.com\/\" target=\"_blank\" rel=\"noopener noreferrer\">Carlotta de Bivelacqua<\/a>.<\/p>\n<p>Les projets gagnants qui ont remport\u00e9 les honneurs et 4000\u20ac chacun sont (roulement de tambour) :<\/p>\n<p>&#8211;\u00a0 Le \u00ab\u00a0<strong>Coup de c\u0153ur du Jury<\/strong>\u00a0\u00bb a \u00e9t\u00e9 remis \u00e0 Victor Johan sson de l\u2019\u00e9cole <a href=\"http:\/\/www.csm.arts.ac.uk\/\" target=\"_blank\" rel=\"noopener noreferrer\">Central St Martins College of Arts and Design<\/a> de Londres pour son projet \u00ab\u00a0Cloud of Things\u00a0\u00bb.<\/p>\n<p>&#8211; <strong>Le prix \u00ab\u00a0Usage\u00a0\u00bb<\/strong> a \u00e9t\u00e9 remis \u00e0 Viviane Yazdani et Andrea Segato de la <a href=\"http:\/\/www.naba.it\/\" target=\"_blank\" rel=\"noopener noreferrer\">Nuova Accademia di Belle Arti<\/a> de Milan pour leur projet <strong>Gustav<\/strong>, personnage qui nous connectent \u00e0 nos voisins.\u00a0<strong><\/strong><\/p>\n<p>&#8211; <strong>Le prix \u00ab\u00a0Vision\u00a0\u00bb<\/strong> a \u00e9t\u00e9 remis ex aequo \u00e0 l&rsquo;\u00e9quipe de Simon Lauwerier, Jean-Pierre Hu, Adrian Borsoi, Sandrine Danho, Han Dinh de l\u2019<a href=\"http:\/\/www.design-valenciennes.com\/\" target=\"_blank\" rel=\"noopener noreferrer\">Institut Sup\u00e9rieur de Design de Valenciennes<\/a> pour leur projet \u00ab\u00a0Switch\u00a0\u00bb( sorte d\u2019hologramme ludique et familial) ainsi qu\u2019\u00e0 Szu-Wen Wang de l\u2019\u00e9cole Central St Martins College pour \u00ab\u00a0Blah Blah\u00a0\u00bb.<\/p>\n<p>Retrouvez les 37 projets qui ont particip\u00e9 au <strong><a href=\"http:\/\/www.lelieududesign.com\/\" target=\"_blank\" rel=\"noopener noreferrer\">Lieu du Design<\/a><\/strong>, 74 rue du Faubourg Saint-Antoine (Paris 12e) <strong>tous les jours de 11 \u00e0 19h d\u00e8s le 28\/09 jusqu&rsquo;au 19 octobre 2012. <\/strong><\/p>\n<p>Allez-y, vous allez r\u00eaver.<strong><br \/>\n<\/strong><\/p>\n<div id=\"themify_builder_content-7956\" data-postid=\"7956\" class=\"themify_builder_content themify_builder_content-7956 themify_builder\">\n    <\/div>\n<!-- \/themify_builder_content -->\n","protected":false},"excerpt":{"rendered":"<p>Dans la lign\u00e9e de la Paris Design Week, Orange a hier soir confi\u00e9 les \u00ab\u00a0cl\u00e9s du design\u00a0\u00bb \u00e0 une jeune g\u00e9n\u00e9ration talentueuse et ambitieuse. Direction le 104 pour une soir\u00e9e autour d&rsquo;un th\u00e8me tr\u00e8s cher \u00e0 l&rsquo;op\u00e9rateur : \u00ab\u00a0Comment mieux vivre chez soi gr\u00e2ce au num\u00e9rique?\u00a0\u00bb ou comment peut-on imaginer la maison connect\u00e9e pour mieux [&hellip;]<\/p>\n","protected":false},"author":3,"featured_media":0,"comment_status":"open","ping_status":"open","sticky":false,"template":"","format":"standard","meta":{"footnotes":""},"categories":[3],"tags":[1019,2789,3117,3991,4062],"class_list":["post-7956","post","type-post","status-publish","format-standard","hentry","category-sd-usages","tag-design","tag-orange","tag-prospective","tag-usages","tag-vision","has-post-title","has-post-date","has-post-category","has-post-tag","has-post-comment","has-post-author",""],"builder_content":"","_links":{"self":[{"href":"https:\/\/stanetdam.com\/index.php?rest_route=\/wp\/v2\/posts\/7956","targetHints":{"allow":["GET"]}}],"collection":[{"href":"https:\/\/stanetdam.com\/index.php?rest_route=\/wp\/v2\/posts"}],"about":[{"href":"https:\/\/stanetdam.com\/index.php?rest_route=\/wp\/v2\/types\/post"}],"author":[{"embeddable":true,"href":"https:\/\/stanetdam.com\/index.php?rest_route=\/wp\/v2\/users\/3"}],"replies":[{"embeddable":true,"href":"https:\/\/stanetdam.com\/index.php?rest_route=%2Fwp%2Fv2%2Fcomments&post=7956"}],"version-history":[{"count":0,"href":"https:\/\/stanetdam.com\/index.php?rest_route=\/wp\/v2\/posts\/7956\/revisions"}],"wp:attachment":[{"href":"https:\/\/stanetdam.com\/index.php?rest_route=%2Fwp%2Fv2%2Fmedia&parent=7956"}],"wp:term":[{"taxonomy":"category","embeddable":true,"href":"https:\/\/stanetdam.com\/index.php?rest_route=%2Fwp%2Fv2%2Fcategories&post=7956"},{"taxonomy":"post_tag","embeddable":true,"href":"https:\/\/stanetdam.com\/index.php?rest_route=%2Fwp%2Fv2%2Ftags&post=7956"}],"curies":[{"name":"wp","href":"https:\/\/api.w.org\/{rel}","templated":true}]}}