{"id":7952,"date":"2012-09-12T18:04:06","date_gmt":"2012-09-12T16:04:06","guid":{"rendered":"http:\/\/www.stanetdam.com\/?p=7952"},"modified":"2012-09-12T18:04:06","modified_gmt":"2012-09-12T16:04:06","slug":"le-grand-oral-de-tim-cook-keynote-iphone-5","status":"publish","type":"post","link":"https:\/\/stanetdam.com\/?p=7952","title":{"rendered":"Le grand oral de Tim Cook pour l&rsquo;iPhone 5"},"content":{"rendered":"<p style=\"text-align: center;\"><img loading=\"lazy\" decoding=\"async\" class=\"aligncenter\" title=\"Tim Cook et l'iPhone 5\" src=\"http:\/\/www.screenmac.com\/wp-content\/uploads\/2011\/09\/Tim_cook.png\" alt=\"\" width=\"576\" height=\"371\" \/><\/p>\n<p>Tim, faut qu&rsquo;on parle. L\u00e0, de suite. Et me fait pas le coup \u00ab\u00a0je dois r\u00e9p\u00e9ter ma Keynote de ce soir\u00a0\u00bb, si tu n&rsquo;es pas pr\u00eat maintenant c&rsquo;est plus la peine.<\/p>\n<p>Te rate pas, Tim. Ce soir, tu vas prendre la place du <span style=\"text-decoration: line-through;\">mort<\/span> \u00ab\u00a0grand patron\u00a0\u00bb. On va voir si tu as les \u00e9paules jusqu&rsquo;au bout, toi qui a commenc\u00e9 par imprimer ton style d\u00e8s ta prise de fonction : distribution de quelques dividendes histoire d&rsquo;amadouer le <em>board<\/em>, changements de certains VP et nouvelles sorties qui n&rsquo;ont pas vraiment d\u00e9chain\u00e9 les passions. Tu avais assur\u00e9, reconnaissons-le. Mais l\u00e0, \u00e7a ne va pas suffire.<\/p>\n<p>Je sais que tu as peur que <a href=\"http:\/\/www.zdnet.fr\/blogs\/one-more-thing\/le-fantome-de-steve-jobs-39782441.htm\" target=\"_blank\" rel=\"noopener noreferrer\">le fant\u00f4me de Steve<\/a> te vampirise. Mais il va falloir accepter de te dire qu&rsquo;il sera toujours l\u00e0 pour les <em>afficionados<\/em>, et ne pas vouloir faire diff\u00e9rent pour diff\u00e9rent, histoire de faire croire que tu Think Different (tu me suis ?).<\/p>\n<p>Bon, d\u00e9j\u00e0, c&rsquo;\u00e9tait quoi cette <a href=\"http:\/\/www.macplus.net\/depeche-67734-apple-lache-la-campagne-de-pub-genius\" target=\"_blank\" rel=\"noopener noreferrer\">campagne de pub rat\u00e9e<\/a> avec les Genius ? Tu voulais mettre en avant la \u00ab\u00a0valeur ajout\u00e9e service\u00a0\u00bb du r\u00e9seau d&rsquo;Apple Store, tout le monde a compris qu&rsquo;il fallait \u00eatre aid\u00e9 pour utiliser un Mac. Mais o\u00f9 es tu all\u00e9 chercher \u00e7a ? Tu abandonnes Chiat\\Day, LA soci\u00e9t\u00e9 qui ta donn\u00e9 les plus belles campagnes de pub de l&rsquo;histoire d&rsquo;Apple et tu te plantes imm\u00e9diatement ?<\/p>\n<p>Et cette campagne de buzz \u00e0 baldeux pour le nouvel iPhone 5 ? Mais d&rsquo;o\u00f9 tu as vu qu&rsquo;Apple laissait filer la quasi-int\u00e9gralit\u00e9 des pi\u00e8ces d\u00e9tach\u00e9es de sa derni\u00e8re cr\u00e9ation histoire d&rsquo;avoir une couverture m\u00e9dia \u00e9touffant le Samsung S3 ? Je vais \u00eatre clair : cette strat\u00e9gie ne marche que si tu as une GROSSE surprise et une belle histoire \u00e0 nous raconter sur ce dernier \u00ab\u00a0pr\u00e9cieux\u00a0\u00bb. Car sinon on sait d\u00e9j\u00e0 tout ou presque. Et ce n&rsquo;est pas une meilleure optique photo ou un \u00e9cran in-cell qui va nous ravir, et je ne te parle pas de cet \u00e9cran de 4 pouces dont tu es le dernier du march\u00e9 \u00e0 adopter le format pour d&rsquo;excellentes raisons que tu as int\u00e9r\u00eat \u00e0 nous donner de mani\u00e8re convaincante.<\/p>\n<p>Dis moi que tu vas nous faire un <em>one more thing<\/em> au top, qu&rsquo;il va bien y avoir du NFC avec une application qui d\u00e9pote, que la prochaine gamme iPod va devenir un compagnon de l&rsquo;iPhone comme tous ces montres que l&rsquo;on voir fleurir actuellement, que cet iPhone pr\u00e9figure bien la nouvelle pierre de la strat\u00e9gie d&rsquo;Apple vers l&rsquo;\u00e9cran TV connect\u00e9.<\/p>\n<p>Bref, \u00e9pate nous ! Montre nous que &#8211; par del\u00e0 les <em>specs<\/em> de ton joujou &#8211; il y a toujours une VISION chez Apple. Car Samsung a commenc\u00e9 \u00e0 d\u00e9montrer que la Pomme prenait un coup de vieux avec son S3, sans compter Microsoft qui patiemment b\u00e9tonne un excellent OS mobile qui a le m\u00e9rite de se d\u00e9marquer du reste du march\u00e9.<\/p>\n<p>Je te pr\u00e9viens : si cet iPhone 5 est une mise \u00e0 jour fa\u00e7on 4S de ton <em>best-seller<\/em>, \u00e7a va pas le faire du tout du tout.<\/p>\n<p>PS : pour r\u00e9sumer ma vision du prochain iPhone et jouer (comme \u00e0 chaque fois) au jeu des pronostics, voici la liste des nouveaut\u00e9s que je vois poindre :<\/p>\n<ul>\n<li>\u00e9cran in-cell 4 pouces<\/li>\n<li>iOS 6 avec du facebook dedans<\/li>\n<li>structure unibody verre et m\u00e9tal<\/li>\n<li>compatibilit\u00e9 4G LTE partout y compris l&rsquo;Europe<\/li>\n<li>nouveau syst\u00e8me d&rsquo;antenne<\/li>\n<li>meilleure optique photo<\/li>\n<li>processeur A6 1Go de RAM<\/li>\n<li>nouveau connecteur \u00ab\u00a0r\u00e9versible\u00a0\u00bb USB 3 ET thunderbolt (option payante :-))<\/li>\n<li>bluetooth 4.0<\/li>\n<li>nano SIM<\/li>\n<li>et PAS de NFC \ud83d\ude41<\/li>\n<li>Sans oublier un nouvel iTunes et une gamme renouvel\u00e9e iPod Touch (logique)<\/li>\n<\/ul>\n<div id=\"themify_builder_content-7952\" data-postid=\"7952\" class=\"themify_builder_content themify_builder_content-7952 themify_builder\">\n    <\/div>\n<!-- \/themify_builder_content -->\n","protected":false},"excerpt":{"rendered":"<p>Tim, faut qu&rsquo;on parle. L\u00e0, de suite. Et me fait pas le coup \u00ab\u00a0je dois r\u00e9p\u00e9ter ma Keynote de ce soir\u00a0\u00bb, si tu n&rsquo;es pas pr\u00eat maintenant c&rsquo;est plus la peine. Te rate pas, Tim. Ce soir, tu vas prendre la place du mort \u00ab\u00a0grand patron\u00a0\u00bb. On va voir si tu as les \u00e9paules jusqu&rsquo;au [&hellip;]<\/p>\n","protected":false},"author":3,"featured_media":0,"comment_status":"open","ping_status":"open","sticky":false,"template":"","format":"standard","meta":{"footnotes":""},"categories":[9],"tags":[256,1886,1907,2043,3620,3832],"class_list":["post-7952","post","type-post","status-publish","format-standard","hentry","category-sd-techlounge","tag-apple","tag-ios-6","tag-iphone-5","tag-keynote","tag-steve-jobs","tag-tim-cook","has-post-title","has-post-date","has-post-category","has-post-tag","has-post-comment","has-post-author",""],"builder_content":"","_links":{"self":[{"href":"https:\/\/stanetdam.com\/index.php?rest_route=\/wp\/v2\/posts\/7952","targetHints":{"allow":["GET"]}}],"collection":[{"href":"https:\/\/stanetdam.com\/index.php?rest_route=\/wp\/v2\/posts"}],"about":[{"href":"https:\/\/stanetdam.com\/index.php?rest_route=\/wp\/v2\/types\/post"}],"author":[{"embeddable":true,"href":"https:\/\/stanetdam.com\/index.php?rest_route=\/wp\/v2\/users\/3"}],"replies":[{"embeddable":true,"href":"https:\/\/stanetdam.com\/index.php?rest_route=%2Fwp%2Fv2%2Fcomments&post=7952"}],"version-history":[{"count":0,"href":"https:\/\/stanetdam.com\/index.php?rest_route=\/wp\/v2\/posts\/7952\/revisions"}],"wp:attachment":[{"href":"https:\/\/stanetdam.com\/index.php?rest_route=%2Fwp%2Fv2%2Fmedia&parent=7952"}],"wp:term":[{"taxonomy":"category","embeddable":true,"href":"https:\/\/stanetdam.com\/index.php?rest_route=%2Fwp%2Fv2%2Fcategories&post=7952"},{"taxonomy":"post_tag","embeddable":true,"href":"https:\/\/stanetdam.com\/index.php?rest_route=%2Fwp%2Fv2%2Ftags&post=7952"}],"curies":[{"name":"wp","href":"https:\/\/api.w.org\/{rel}","templated":true}]}}