{"id":7949,"date":"2012-09-11T14:41:15","date_gmt":"2012-09-11T12:41:15","guid":{"rendered":"http:\/\/www.stanetdam.com\/?p=7949"},"modified":"2012-09-11T14:41:15","modified_gmt":"2012-09-11T12:41:15","slug":"habillez-vos-mac-et-iphone-aux-couleurs-de-la-keynote-iphone-5","status":"publish","type":"post","link":"https:\/\/stanetdam.com\/?p=7949","title":{"rendered":"Habillez vos Mac et iPhone aux couleurs de la Keynote de l&rsquo;iPhone 5"},"content":{"rendered":"<p style=\"text-align: center;\"><img loading=\"lazy\" decoding=\"async\" class=\"aligncenter\" src=\"http:\/\/www.macstories.net\/wp-content\/uploads\/2012\/09\/16-by-10-rMBP-copy.png\" alt=\"\" width=\"525\" height=\"328\" \/><\/p>\n<p style=\"text-align: left;\">La Keynote de l&rsquo;iPhone 5, c&rsquo;est demain ! Comme toujours, Apple a choisi un habillage sp\u00e9cifique cens\u00e9 souligne la nouveaut\u00e9 principale. Cette fois-ci c&rsquo;est cet arc-en-ciel qui souligne l&rsquo;agrandissement vertical de l&rsquo;\u00e9cran en \u00e9tirant les principales ic\u00f4nes de l&rsquo;iPhone.<\/p>\n<p style=\"text-align: center;\"><img loading=\"lazy\" decoding=\"async\" class=\"aligncenter\" src=\"http:\/\/www.macstories.net\/wp-content\/uploads\/2012\/09\/apps-on-poster.jpeg\" alt=\"\" width=\"580\" height=\"120\" \/><\/p>\n<p style=\"text-align: left;\">Il faut avouer que le r\u00e9sultat est assez beau. Et vous pouvez d\u00e9sormais mettre ce spectre chromatique en fond d&rsquo;\u00e9cran de votre iBidule ou de votre mac, avec ou sans la Pomme<\/p>\n<p style=\"text-align: left;\">Il suffit de <a href=\"http:\/\/b95866a5f9266e48f606-d53104bc2c3381ac4ae7e3133861612f.r43.cf1.rackcdn.com\/iPhone%205%20Event%20Poster.zip\">t\u00e9l\u00e9charger ce fichier<\/a>.<\/p>\n<p style=\"text-align: left;\">Merci qui ? \ud83d\ude42<\/p>\n<div id=\"themify_builder_content-7949\" data-postid=\"7949\" class=\"themify_builder_content themify_builder_content-7949 themify_builder\">\n    <\/div>\n<!-- \/themify_builder_content -->\n","protected":false},"excerpt":{"rendered":"<p>La Keynote de l&rsquo;iPhone 5, c&rsquo;est demain ! Comme toujours, Apple a choisi un habillage sp\u00e9cifique cens\u00e9 souligne la nouveaut\u00e9 principale. Cette fois-ci c&rsquo;est cet arc-en-ciel qui souligne l&rsquo;agrandissement vertical de l&rsquo;\u00e9cran en \u00e9tirant les principales ic\u00f4nes de l&rsquo;iPhone. Il faut avouer que le r\u00e9sultat est assez beau. Et vous pouvez d\u00e9sormais mettre ce spectre [&hellip;]<\/p>\n","protected":false},"author":3,"featured_media":0,"comment_status":"open","ping_status":"open","sticky":false,"template":"","format":"standard","meta":{"footnotes":""},"categories":[9],"tags":[256,1907,2043],"class_list":["post-7949","post","type-post","status-publish","format-standard","hentry","category-sd-techlounge","tag-apple","tag-iphone-5","tag-keynote","has-post-title","has-post-date","has-post-category","has-post-tag","has-post-comment","has-post-author",""],"builder_content":"","_links":{"self":[{"href":"https:\/\/stanetdam.com\/index.php?rest_route=\/wp\/v2\/posts\/7949","targetHints":{"allow":["GET"]}}],"collection":[{"href":"https:\/\/stanetdam.com\/index.php?rest_route=\/wp\/v2\/posts"}],"about":[{"href":"https:\/\/stanetdam.com\/index.php?rest_route=\/wp\/v2\/types\/post"}],"author":[{"embeddable":true,"href":"https:\/\/stanetdam.com\/index.php?rest_route=\/wp\/v2\/users\/3"}],"replies":[{"embeddable":true,"href":"https:\/\/stanetdam.com\/index.php?rest_route=%2Fwp%2Fv2%2Fcomments&post=7949"}],"version-history":[{"count":0,"href":"https:\/\/stanetdam.com\/index.php?rest_route=\/wp\/v2\/posts\/7949\/revisions"}],"wp:attachment":[{"href":"https:\/\/stanetdam.com\/index.php?rest_route=%2Fwp%2Fv2%2Fmedia&parent=7949"}],"wp:term":[{"taxonomy":"category","embeddable":true,"href":"https:\/\/stanetdam.com\/index.php?rest_route=%2Fwp%2Fv2%2Fcategories&post=7949"},{"taxonomy":"post_tag","embeddable":true,"href":"https:\/\/stanetdam.com\/index.php?rest_route=%2Fwp%2Fv2%2Ftags&post=7949"}],"curies":[{"name":"wp","href":"https:\/\/api.w.org\/{rel}","templated":true}]}}