{"id":7913,"date":"2012-09-03T09:00:16","date_gmt":"2012-09-03T07:00:16","guid":{"rendered":"http:\/\/www.stanetdam.com\/?p=7913"},"modified":"2012-09-03T09:00:16","modified_gmt":"2012-09-03T07:00:16","slug":"expo-les-montres-girard-perregaud-remontent-le-temps-chez-christies","status":"publish","type":"post","link":"https:\/\/stanetdam.com\/?p=7913","title":{"rendered":"Expo : les montres Girard-Perregaud remontent le temps chez Christie&rsquo;s"},"content":{"rendered":"<p style=\"text-align: center;\"><img loading=\"lazy\" decoding=\"async\" class=\"aligncenter\" title=\"Girard-Perregaux\" src=\"http:\/\/www.larevuedesmontres.com\/wp-content\/uploads\/2012\/08\/image002.jpg\" alt=\"\" width=\"641\" height=\"427\" \/><\/p>\n<p>Invit\u00e9 vendredi soir en cercle tr\u00e8s restreint (6 personnes maximum) pour Stan&amp;Dam, l&rsquo;amateur de belles montres que je suis a eu la chance de s&rsquo;en mettre plein les yeux avec l&rsquo;exposition Girard-Perregaux.<\/p>\n<p>Girard-Perregaux, marque embl\u00e9matique de la Haute Horlogerie suisse, a d\u00e9voil\u00e9, en avril dernier, le nouveau visage de la Tradition selon la manufacture en pr\u00e9sentant de jeunes horlogers dans leur atelier, mais aussi dans leur vie priv\u00e9e.<\/p>\n<p>La tourn\u00e9e de ces artisans a d\u00e9but\u00e9 \u00e0 New York et s\u2019est poursuivie \u00e0 P\u00e9kin, en juin. La troisi\u00e8me \u00e9tape du \u00ab Young Watchmakers Tour \u00bb s\u2019arr\u00eatera \u00e0 Paris dans les salons de l\u2019illustre maison de vente aux ench\u00e8res Christie\u2019s, au 9 avenue Matignon, du 29 ao\u00fbt au 5 septembre 2012.<\/p>\n<p>Con\u00e7ue comme un voyage didactique au c\u0153ur des valeurs et de l\u2019esprit de la maison, <strong>l\u2019exposition retrace l\u2019\u00e9volution de la mesure du temps en \u00e9tablissant un parall\u00e8le original entre des \u00e9v\u00e9nements, des personnages et des courants artistiques majeurs de l\u2019histoire mondiale<\/strong>, dans une sc\u00e9nographie originale. Une s\u00e9lection de pi\u00e8ces d\u2019exception de son mus\u00e9e ainsi que des cr\u00e9ations plus contemporaines sont r\u00e9unies, au point de faire dire qu\u2019il s\u2019agit sans doute de la plus grande collection de montres Girard-Perregaux jamais pr\u00e9sent\u00e9e en France. Ces visites sont comment\u00e9es par Willy Schweizer, conservateur du mus\u00e9e de Girard-Perregaux.<\/p>\n<p>Ce rendez-vous a \u00e9t\u00e9 l\u2019occasion de mettre en place <strong>des ateliers horlogers<\/strong>, durant toute la dur\u00e9e de l\u2019exposition. Au programme, cinq ateliers par jour, de deux heures chacun. Le visiteur ayant r\u00e9serv\u00e9 sa place sur le site gprsvp@girard-perregaux.com ou au 01 72 25 65 41 pourra se glisser dans la peau d\u2019un horloger et s\u2019inscrire \u00e0 un atelier d\u2019initiation au cours duquel il s\u2019initiera \u00e0 d\u00e9monter et \u00e0 remonter un mouvement m\u00e9canique Girard-Perregaux ou d\u00e9couvrira les techniques fondamentales du m\u00e9tier de la Haute Horlogerie. L\u2019occasion de mieux comprendre la subtile association de savoir-faire artisanal, de technologie et de cr\u00e9ativit\u00e9 que repr\u00e9sente une montre.<\/p>\n<p>Et justement, je me suis gliss\u00e9 l&rsquo;espace d&rsquo;une heure et demi dans la peau d&rsquo;un horloger et j&rsquo;ai test\u00e9 pour vous la manipulation tr\u00e8s d\u00e9licate des roues crant\u00e9es et autres ponts et rubis. R\u00e9sultat : le niveau de concentration et de patience est tel qu&rsquo;il n&rsquo;est pas rare de s&rsquo;attraper un mal de t\u00eate et de sortir \u00ab\u00a0groggy\u00a0\u00bb de la fascinante s\u00e9ance. A essayer si vous en avez la possibilit\u00e9 des places disponibles.<\/p>\n<p>Voici une s\u00e9lection de quelques photos toutes disponibles sur notre <a href=\"http:\/\/www.flickr.com\/photos\/stanetdam\/sets\/72157631371617180\/\">Flickr<\/a>.<\/p>\n<p style=\"text-align: center;\">\n<a title=\"Girard Perregaux_12 de stanetdam, sur Flickr\" href=\"http:\/\/www.flickr.com\/photos\/stanetdam\/7915636120\/\"><img loading=\"lazy\" decoding=\"async\" class=\"aligncenter\" src=\"http:\/\/farm9.staticflickr.com\/8176\/7915636120_6b9084ac1a.jpg\" alt=\"Girard Perregaux_12\" width=\"374\" height=\"500\" \/><\/a><\/p>\n<p style=\"text-align: center;\"><a title=\"Girard Perregaux_13 de stanetdam, sur Flickr\" href=\"http:\/\/www.flickr.com\/photos\/stanetdam\/7915633870\/\"><img loading=\"lazy\" decoding=\"async\" class=\"aligncenter\" src=\"http:\/\/farm9.staticflickr.com\/8180\/7915633870_5e7f1039c4.jpg\" alt=\"Girard Perregaux_13\" width=\"500\" height=\"374\" \/><\/a><\/p>\n<p style=\"text-align: center;\"><a title=\"Girard Perregaux_7 de stanetdam, sur Flickr\" href=\"http:\/\/www.flickr.com\/photos\/stanetdam\/7915643982\/\"><img loading=\"lazy\" decoding=\"async\" class=\"aligncenter\" src=\"http:\/\/farm9.staticflickr.com\/8441\/7915643982_d3600f4e59.jpg\" alt=\"Girard Perregaux_7\" width=\"500\" height=\"374\" \/><\/a><\/p>\n<p style=\"text-align: center;\"><a title=\"Girard Perregaux_6 de stanetdam, sur Flickr\" href=\"http:\/\/www.flickr.com\/photos\/stanetdam\/7915646592\/\"><img loading=\"lazy\" decoding=\"async\" class=\"aligncenter\" src=\"http:\/\/farm9.staticflickr.com\/8298\/7915646592_34f3523784.jpg\" alt=\"Girard Perregaux_6\" width=\"374\" height=\"500\" \/><\/a><\/p>\n<p style=\"text-align: center;\"><a title=\"Girard Perregaux_3 de stanetdam, sur Flickr\" href=\"http:\/\/www.flickr.com\/photos\/stanetdam\/7915651856\/\"><img loading=\"lazy\" decoding=\"async\" class=\"aligncenter\" src=\"http:\/\/farm9.staticflickr.com\/8031\/7915651856_a8f3343577.jpg\" alt=\"Girard Perregaux_3\" width=\"374\" height=\"500\" \/><\/a><\/p>\n<div id=\"themify_builder_content-7913\" data-postid=\"7913\" class=\"themify_builder_content themify_builder_content-7913 themify_builder\">\n    <\/div>\n<!-- \/themify_builder_content -->\n","protected":false},"excerpt":{"rendered":"<p>Invit\u00e9 vendredi soir en cercle tr\u00e8s restreint (6 personnes maximum) pour Stan&amp;Dam, l&rsquo;amateur de belles montres que je suis a eu la chance de s&rsquo;en mettre plein les yeux avec l&rsquo;exposition Girard-Perregaux. Girard-Perregaux, marque embl\u00e9matique de la Haute Horlogerie suisse, a d\u00e9voil\u00e9, en avril dernier, le nouveau visage de la Tradition selon la manufacture en [&hellip;]<\/p>\n","protected":false},"author":3,"featured_media":0,"comment_status":"open","ping_status":"open","sticky":false,"template":"","format":"standard","meta":{"footnotes":""},"categories":[3],"tags":[1565,1743,2552,3059],"class_list":["post-7913","post","type-post","status-publish","format-standard","hentry","category-sd-usages","tag-girard-perregaux","tag-horlogerie","tag-montres","tag-ppr","has-post-title","has-post-date","has-post-category","has-post-tag","has-post-comment","has-post-author",""],"builder_content":"","_links":{"self":[{"href":"https:\/\/stanetdam.com\/index.php?rest_route=\/wp\/v2\/posts\/7913","targetHints":{"allow":["GET"]}}],"collection":[{"href":"https:\/\/stanetdam.com\/index.php?rest_route=\/wp\/v2\/posts"}],"about":[{"href":"https:\/\/stanetdam.com\/index.php?rest_route=\/wp\/v2\/types\/post"}],"author":[{"embeddable":true,"href":"https:\/\/stanetdam.com\/index.php?rest_route=\/wp\/v2\/users\/3"}],"replies":[{"embeddable":true,"href":"https:\/\/stanetdam.com\/index.php?rest_route=%2Fwp%2Fv2%2Fcomments&post=7913"}],"version-history":[{"count":0,"href":"https:\/\/stanetdam.com\/index.php?rest_route=\/wp\/v2\/posts\/7913\/revisions"}],"wp:attachment":[{"href":"https:\/\/stanetdam.com\/index.php?rest_route=%2Fwp%2Fv2%2Fmedia&parent=7913"}],"wp:term":[{"taxonomy":"category","embeddable":true,"href":"https:\/\/stanetdam.com\/index.php?rest_route=%2Fwp%2Fv2%2Fcategories&post=7913"},{"taxonomy":"post_tag","embeddable":true,"href":"https:\/\/stanetdam.com\/index.php?rest_route=%2Fwp%2Fv2%2Ftags&post=7913"}],"curies":[{"name":"wp","href":"https:\/\/api.w.org\/{rel}","templated":true}]}}