{"id":7853,"date":"2012-07-13T12:00:55","date_gmt":"2012-07-13T10:00:55","guid":{"rendered":"http:\/\/www.stanetdam.com\/?p=7853"},"modified":"2012-07-13T12:00:55","modified_gmt":"2012-07-13T10:00:55","slug":"la-pause-de-midi-la-bande-annonce-dulysse-31-le-film","status":"publish","type":"post","link":"https:\/\/stanetdam.com\/?p=7853","title":{"rendered":"[La Pause de midi] La bande-annonce d&rsquo;Ulysse 31, le film !"},"content":{"rendered":"<p>Pendant longtemps, je me suis dit que si adaptation d&rsquo;Ulysse 31 il devait y avoir, \u00e7a serait avec l&rsquo;un des Bee gees (enfin, pr\u00e9cis\u00e9ment celui du milieu).<\/p>\n<p style=\"text-align: center;\"><img loading=\"lazy\" decoding=\"async\" class=\"aligncenter\" title=\"Bee Gees\" src=\"http:\/\/pepinemom.p.e.pic.centerblog.net\/y07h0afl.jpg\" alt=\"\" width=\"450\" height=\"360\" \/><\/p>\n<p style=\"text-align: left;\">Et puis ils sont morts (enfin, je crois). Et mon r\u00eave s&rsquo;est \u00e9croul\u00e9. Qui allait bien pouvoir r\u00e9aliser ce r\u00eave de gosse, et repr\u00e9senter ce h\u00e9ros des temps modernes \u00e0 la crini\u00e8re dans le vent ? Serait-il possible un jour de voir Ulysse 31 et sa barbe au cordeau sur grand \u00e9cran ?<\/p>\n<p style=\"text-align: left;\">Mon r\u00eave semble en passe d&rsquo;\u00eatre exauc\u00e9. Enfin, je crois. Je vous laisse constater.<\/p>\n<p style=\"text-align: center;\">[youtube QMpf1D3YohU]<\/p>\n<div id=\"themify_builder_content-7853\" data-postid=\"7853\" class=\"themify_builder_content themify_builder_content-7853 themify_builder\">\n    <\/div>\n<!-- \/themify_builder_content -->\n","protected":false},"excerpt":{"rendered":"<p>Pendant longtemps, je me suis dit que si adaptation d&rsquo;Ulysse 31 il devait y avoir, \u00e7a serait avec l&rsquo;un des Bee gees (enfin, pr\u00e9cis\u00e9ment celui du milieu). Et puis ils sont morts (enfin, je crois). Et mon r\u00eave s&rsquo;est \u00e9croul\u00e9. Qui allait bien pouvoir r\u00e9aliser ce r\u00eave de gosse, et repr\u00e9senter ce h\u00e9ros des temps [&hellip;]<\/p>\n","protected":false},"author":3,"featured_media":0,"comment_status":"open","ping_status":"open","sticky":false,"template":"","format":"standard","meta":{"footnotes":""},"categories":[2,5],"tags":[],"class_list":["post-7853","post","type-post","status-publish","format-standard","hentry","category-loisiretportnawak","category-la-pause-de-midi","has-post-title","has-post-date","has-post-category","has-post-tag","has-post-comment","has-post-author",""],"builder_content":"","_links":{"self":[{"href":"https:\/\/stanetdam.com\/index.php?rest_route=\/wp\/v2\/posts\/7853","targetHints":{"allow":["GET"]}}],"collection":[{"href":"https:\/\/stanetdam.com\/index.php?rest_route=\/wp\/v2\/posts"}],"about":[{"href":"https:\/\/stanetdam.com\/index.php?rest_route=\/wp\/v2\/types\/post"}],"author":[{"embeddable":true,"href":"https:\/\/stanetdam.com\/index.php?rest_route=\/wp\/v2\/users\/3"}],"replies":[{"embeddable":true,"href":"https:\/\/stanetdam.com\/index.php?rest_route=%2Fwp%2Fv2%2Fcomments&post=7853"}],"version-history":[{"count":0,"href":"https:\/\/stanetdam.com\/index.php?rest_route=\/wp\/v2\/posts\/7853\/revisions"}],"wp:attachment":[{"href":"https:\/\/stanetdam.com\/index.php?rest_route=%2Fwp%2Fv2%2Fmedia&parent=7853"}],"wp:term":[{"taxonomy":"category","embeddable":true,"href":"https:\/\/stanetdam.com\/index.php?rest_route=%2Fwp%2Fv2%2Fcategories&post=7853"},{"taxonomy":"post_tag","embeddable":true,"href":"https:\/\/stanetdam.com\/index.php?rest_route=%2Fwp%2Fv2%2Ftags&post=7853"}],"curies":[{"name":"wp","href":"https:\/\/api.w.org\/{rel}","templated":true}]}}