{"id":7807,"date":"2012-06-11T16:00:32","date_gmt":"2012-06-11T14:00:32","guid":{"rendered":"http:\/\/www.stanetdam.com\/?p=7807"},"modified":"2012-06-11T16:00:32","modified_gmt":"2012-06-11T14:00:32","slug":"tout-ce-qui-ne-sera-pas-annonce-a-la-keynote-apple-wwdc-2012","status":"publish","type":"post","link":"https:\/\/stanetdam.com\/?p=7807","title":{"rendered":"Tout ce qui ne sera pas annonc\u00e9 \u00e0 la Keynote Apple"},"content":{"rendered":"<p style=\"text-align: center;\"><img loading=\"lazy\" decoding=\"async\" class=\"aligncenter\" title=\"Apple WWDC 2012\" src=\"https:\/\/devimages.apple.com.edgekey.net\/wwdc\/images\/wwdc2012-june-11-15.jpg\" alt=\"\" width=\"522\" height=\"372\" \/><\/p>\n<p>C&rsquo;est reparti ! Comme chaque ann\u00e9e la WWDC et sa keynote fait fantasmer les Geeks et aficionados de la Pomme. Et comme d&rsquo;hab, c&rsquo;est reparti pour avoir la r\u00e9v\u00e9lation du nouvel iPhone, du nouvel iPad, de la t\u00e9l\u00e9 Apple, d&rsquo;un iWork 2012, une gamme MacBook et Mac pro revue enti\u00e8rement&#8230;<\/p>\n<p>Stoooooop ! On va se calmer les gars. Je ne sais pas si vous avez remarqu\u00e9 mais depuis quelques ann\u00e9es les Keynote Apple ont tendance a \u00eatre assez d\u00e9cevantes en termes de surprises. Bon, avouons que la barre a \u00e9t\u00e9 mise tr\u00e8s haut avec l&rsquo;iPhone. L&rsquo;iPad, r\u00e9el succ\u00e8s, avait d\u00e9j\u00e0 d\u00e9\u00e7u car s&rsquo;apparentant \u00e0 un \u00ab\u00a0grand\u00a0\u00bb iPhone.<\/p>\n<p>Le truc, c&rsquo;est que nous hommes comme des gamins \u00e0 No\u00ebl : on attend de la Pomme qu&rsquo;elle nous gave de surprises high-tech dont elle a le secret. Or, d\u00e9sormais comme elle a la main sur le timing et qu&rsquo;elle domine son march\u00e9,\u00a0<strong>elle fait \u00e9voluer doucement les choses au rythme de l&rsquo;adoption des nouveaut\u00e9s<\/strong>. Inutile de se presser autant faire en sorte que chaque produit soit \u00ab\u00a0bien assimil\u00e9\u00a0\u00bb.<\/p>\n<p>Personnellement, je trouve \u00e7a malin et permet de distiller de l&rsquo;innovation incr\u00e9mentale. En revanche, pour nous les connaisseurs de tout cela, on reste sur notre faim, connaissant le potentiel de tout ce qu&rsquo;\u00e0 Apple en magasin et en brevets !!!<\/p>\n<p>Donc voici par le menu tout ce qu&rsquo;il ne faut pas attendre de la Keynote de ce soir. Comme \u00e7a au pire vous ne serez pas d\u00e9\u00e7u, au mieux vous aurez de bonnes surprises :<\/p>\n<p>&#8211; la r\u00e9v\u00e9lation de l&rsquo;<strong>iPhone 5<\/strong>. Nan ! On va parler iOS 6, ce qui permettra en creux de voir se dessiner l&rsquo;iPhone 5, mais pas plus.<\/p>\n<p>&#8211; l&rsquo;apparition de la\u00a0<strong>TV Apple<\/strong>. Mauvaise pioche, tout au plus on va parler de iCloud et de contenus \u00e0 pour sur iTunes et disponible partout. Mais pas de t\u00e9l\u00e9 Loewe rebadg\u00e9e Apple \u00e0 \u00e9cran transparent.<\/p>\n<p>&#8211; des nouveaux\u00a0<strong>MacPro<\/strong>. On va arr\u00eater de se la raconter, Apple soutient du bout des l\u00e8vres sa gamme pro, donc ok ils vont revoir les procs et mettre du Thunderbolt mais n&rsquo;imaginez pas un changement de design.<\/p>\n<p>&#8211; une gamme de\u00a0<strong>MacBook<\/strong>\u00a0revue. Mouais. Ok allez, pourquoi pas, celle-l\u00e0 je vous l&rsquo;accorde volontiers. Plus de DVD donc on affine la silhouette mais pas plus hein ! Johnny Ive \u00e7a fait un moment qu&rsquo;il n&rsquo;a pas affut\u00e9 ses crayons. Et puis faudrait pas venir cannibaliser le mignon MacBook Air. Par contre risque d&rsquo;\u00e9cran Retina assez fort, mais pas en 17 pouces.<\/p>\n<p>Par contre, ce qui va \u00eatre int\u00e9ressant c&rsquo;est de jour aux devinettes. De comprendre o\u00f9 Apple veut aller avec son nouveau<strong>\u00a0Safari 6<\/strong>, les fonctions cach\u00e9es\u00a0<strong>d&rsquo;iOS 6<\/strong>, la preview de\u00a0<strong>Mountain Lion<\/strong>, l&rsquo;arriv\u00e9e de\u00a0<strong>Siri<\/strong>\u00a0sur iPad&#8230; Car ce sont ces pi\u00e8ces de puzzle qui vont dessiner le futur \u00e9cosyst\u00e8me de la Pomme dans lequel viendra s&rsquo;incruster une t\u00e9l\u00e9 qui devrait &#8211; normalement &#8211; communiquer avec les iDevices et iCloud pour avoir acc\u00e8s \u00e0 son contenu ATAWAD (AnyTime AnyWhere Any Device).<\/p>\n<p>On se reparle ce soir apr\u00e8s la Keynote ! En attendant les commentaires sont ouverts \ud83d\ude42<\/p>\n<div id=\"themify_builder_content-7807\" data-postid=\"7807\" class=\"themify_builder_content themify_builder_content-7807 themify_builder\">\n    <\/div>\n<!-- \/themify_builder_content -->\n","protected":false},"excerpt":{"rendered":"<p>C&rsquo;est reparti ! Comme chaque ann\u00e9e la WWDC et sa keynote fait fantasmer les Geeks et aficionados de la Pomme. Et comme d&rsquo;hab, c&rsquo;est reparti pour avoir la r\u00e9v\u00e9lation du nouvel iPhone, du nouvel iPad, de la t\u00e9l\u00e9 Apple, d&rsquo;un iWork 2012, une gamme MacBook et Mac pro revue enti\u00e8rement&#8230; Stoooooop ! On va se [&hellip;]<\/p>\n","protected":false},"author":3,"featured_media":0,"comment_status":"open","ping_status":"open","sticky":false,"template":"","format":"standard","meta":{"footnotes":""},"categories":[3],"tags":[256,4202,4203],"class_list":["post-7807","post","type-post","status-publish","format-standard","hentry","category-sd-usages","tag-apple","tag-wwdc","tag-wwdc-12","has-post-title","has-post-date","has-post-category","has-post-tag","has-post-comment","has-post-author",""],"builder_content":"","_links":{"self":[{"href":"https:\/\/stanetdam.com\/index.php?rest_route=\/wp\/v2\/posts\/7807","targetHints":{"allow":["GET"]}}],"collection":[{"href":"https:\/\/stanetdam.com\/index.php?rest_route=\/wp\/v2\/posts"}],"about":[{"href":"https:\/\/stanetdam.com\/index.php?rest_route=\/wp\/v2\/types\/post"}],"author":[{"embeddable":true,"href":"https:\/\/stanetdam.com\/index.php?rest_route=\/wp\/v2\/users\/3"}],"replies":[{"embeddable":true,"href":"https:\/\/stanetdam.com\/index.php?rest_route=%2Fwp%2Fv2%2Fcomments&post=7807"}],"version-history":[{"count":0,"href":"https:\/\/stanetdam.com\/index.php?rest_route=\/wp\/v2\/posts\/7807\/revisions"}],"wp:attachment":[{"href":"https:\/\/stanetdam.com\/index.php?rest_route=%2Fwp%2Fv2%2Fmedia&parent=7807"}],"wp:term":[{"taxonomy":"category","embeddable":true,"href":"https:\/\/stanetdam.com\/index.php?rest_route=%2Fwp%2Fv2%2Fcategories&post=7807"},{"taxonomy":"post_tag","embeddable":true,"href":"https:\/\/stanetdam.com\/index.php?rest_route=%2Fwp%2Fv2%2Ftags&post=7807"}],"curies":[{"name":"wp","href":"https:\/\/api.w.org\/{rel}","templated":true}]}}