{"id":7628,"date":"2012-05-12T02:13:46","date_gmt":"2012-05-12T00:13:46","guid":{"rendered":"http:\/\/www.stanetdam.com\/?p=7628"},"modified":"2012-05-12T02:13:46","modified_gmt":"2012-05-12T00:13:46","slug":"je-reviendrai-a-montreal-pour-connect-2012-et-le-webcom","status":"publish","type":"post","link":"https:\/\/stanetdam.com\/?p=7628","title":{"rendered":"Je reviendrai \u00e0 Montr\u00e9al&#8230; pour Connect 2012 et le Webcom"},"content":{"rendered":"<p>Du Canada je connais quelques petites choses :<\/p>\n<p>&#8211; G\u00e9nies en herbe<\/p>\n<p>&#8211; Robert Charlebois, Diane Tell, Marcel B\u00e9liveau, Isabelle Boulay, Garou, Luc Plamandon, Roch Voisine, C\u00e9line Dion&#8230;<\/p>\n<p>&#8211; Le sirop d&rsquo;\u00e9rable<\/p>\n<p>&#8211; Les caribous<\/p>\n<p>&#8211; Le hockey sur glace<\/p>\n<p>&#8211; Les matchs d&rsquo;impro th\u00e9\u00e2trale<\/p>\n<p>Mais j&rsquo;avais sous-estim\u00e9 la place du web l\u00e0 bas. Et quand je vois <a href=\"http:\/\/webcom-montreal.com\/attraits\/connect-2012\/\" target=\"_blank\" rel=\"noopener noreferrer\">Connect 2012<\/a>, la semaine du web d<strong>u 9 au 17 mai 2012\u00a0<\/strong>se tiendra\u00a0\u00e0 Montr\u00e9al, je me dis que \u00e7a d\u00e9pote. Cette semaine regroupe divers \u00e9v\u00e9nement comme le <a href=\"http:\/\/webcom-montreal.com\/\" target=\"_blank\" rel=\"noopener noreferrer\">Webcom Montr\u00e9al<\/a>, La Boule de cristal, MixM\u00e9dias Montr\u00e9al, Montr\u00e9al Web Vid\u00e9o, FCTMN, Numix, Eventia.<\/p>\n<p>Le Webcom, c&rsquo;est une sorte de LeWeb canadien tout en fran\u00e7ais (ou presque) mais pas en France. Alors que LeWeb c&rsquo;est tout en anglais en France. Sauf quand il sera \u00e0 Londres, ou peut-\u00eatre que l\u00e0 \u00e7a sera en anglais bien que Londres soit la ville o\u00f9 il y a le plus de fran\u00e7ais en Grande-Bretagne. Bref, le Webcom et tout Connect 2012, \u00e7a va \u00eatre du r\u00e9gal pour parler web \ud83d\ude42<\/p>\n<p><img loading=\"lazy\" decoding=\"async\" class=\"aligncenter\" title=\"Connect 2012\" src=\"http:\/\/www.mixmedias-montreal.com\/wp-content\/uploads\/2012\/04\/connect_incontournable4.jpg\" alt=\"\" width=\"693\" height=\"379\" \/><\/p>\n<p>Pr\u00e8s de 3 000 professionnels des industries du num\u00e9rique, des technologies et des communications se r\u00e9uniront autour de\u00a0<strong>sept \u00e9v\u00e9nements majeurs au centre-ville de Montr\u00e9al<\/strong>. Au del\u00e0 de 90 conf\u00e9rences, \u00e9tudes de cas et ateliers r\u00e9uniront plus de\u00a0<strong>120 conf\u00e9renciers<\/strong>, dont 30 issus de la sc\u00e8ne internationale.<\/p>\n<p>La pr\u00e9sence d\u2019une vingtaine de blogueurs reconnus provenant d\u2019une dizaine de pays diff\u00e9rents assurera une large couverture m\u00e9diatique : <strong>OUI j&rsquo;y serai pour Stan&amp;Dam !<\/strong> <strong>Un grand merci \u00e0 Claude Malaison pour cette invitation.<\/strong><\/p>\n<p>Donc si vous avez envie qu&rsquo;on se parle, vous me gazouillez (@damiendouani) ou vous m&rsquo;envoyez un courriel dam[AT]stanetdam.com. Vous aurez not\u00e9 que j&rsquo;ai banni les anglicismes.<\/p>\n<p>Vous en voulez encore ? Voil\u00e0 des images :<\/p>\n<p style=\"text-align: center;\">[youtube 9rSPz3-MKV4]<\/p>\n<p><strong><br \/>\n<\/strong><\/p>\n<div id=\"themify_builder_content-7628\" data-postid=\"7628\" class=\"themify_builder_content themify_builder_content-7628 themify_builder\">\n    <\/div>\n<!-- \/themify_builder_content -->\n","protected":false},"excerpt":{"rendered":"<p>Du Canada je connais quelques petites choses : &#8211; G\u00e9nies en herbe &#8211; Robert Charlebois, Diane Tell, Marcel B\u00e9liveau, Isabelle Boulay, Garou, Luc Plamandon, Roch Voisine, C\u00e9line Dion&#8230; &#8211; Le sirop d&rsquo;\u00e9rable &#8211; Les caribous &#8211; Le hockey sur glace &#8211; Les matchs d&rsquo;impro th\u00e9\u00e2trale Mais j&rsquo;avais sous-estim\u00e9 la place du web l\u00e0 bas. Et [&hellip;]<\/p>\n","protected":false},"author":3,"featured_media":0,"comment_status":"open","ping_status":"open","sticky":false,"template":"","format":"standard","meta":{"footnotes":""},"categories":[9],"tags":[607,2201,2551,3150,4139],"class_list":["post-7628","post","type-post","status-publish","format-standard","hentry","category-sd-techlounge","tag-canada","tag-leweb","tag-montreal","tag-quebec","tag-webcom","has-post-title","has-post-date","has-post-category","has-post-tag","has-post-comment","has-post-author",""],"builder_content":"","_links":{"self":[{"href":"https:\/\/stanetdam.com\/index.php?rest_route=\/wp\/v2\/posts\/7628","targetHints":{"allow":["GET"]}}],"collection":[{"href":"https:\/\/stanetdam.com\/index.php?rest_route=\/wp\/v2\/posts"}],"about":[{"href":"https:\/\/stanetdam.com\/index.php?rest_route=\/wp\/v2\/types\/post"}],"author":[{"embeddable":true,"href":"https:\/\/stanetdam.com\/index.php?rest_route=\/wp\/v2\/users\/3"}],"replies":[{"embeddable":true,"href":"https:\/\/stanetdam.com\/index.php?rest_route=%2Fwp%2Fv2%2Fcomments&post=7628"}],"version-history":[{"count":0,"href":"https:\/\/stanetdam.com\/index.php?rest_route=\/wp\/v2\/posts\/7628\/revisions"}],"wp:attachment":[{"href":"https:\/\/stanetdam.com\/index.php?rest_route=%2Fwp%2Fv2%2Fmedia&parent=7628"}],"wp:term":[{"taxonomy":"category","embeddable":true,"href":"https:\/\/stanetdam.com\/index.php?rest_route=%2Fwp%2Fv2%2Fcategories&post=7628"},{"taxonomy":"post_tag","embeddable":true,"href":"https:\/\/stanetdam.com\/index.php?rest_route=%2Fwp%2Fv2%2Ftags&post=7628"}],"curies":[{"name":"wp","href":"https:\/\/api.w.org\/{rel}","templated":true}]}}