{"id":7588,"date":"2012-04-10T17:22:33","date_gmt":"2012-04-10T15:22:33","guid":{"rendered":"http:\/\/www.stanetdam.com\/?p=7588"},"modified":"2012-04-10T17:22:33","modified_gmt":"2012-04-10T15:22:33","slug":"cest-quoi-le-multi-ecran","status":"publish","type":"post","link":"https:\/\/stanetdam.com\/?p=7588","title":{"rendered":"C&rsquo;est quoi le multi-\u00e9cran ?"},"content":{"rendered":"<p>Je voulais rebondir sur le billet de Damien\u00a0:<br \/>\n<a title=\"Permanent Link to Sony se r\u00e9invente autour du multi-\u00e9crans\" href=\"http:\/\/www.stanetdam.com\/sony-se-reinvente-autour-du-multi-ecrans\/\">Sony se r\u00e9invente autour du multi-\u00e9crans<\/a><\/p>\n<p>Je ne sais pas vous mais en ce moment je ne fais qu\u2019entendre parler de multi-\u00e9crans. D\u2019exp\u00e9rience entre mobile, tablette et TV.<\/p>\n<p>Avant tout, j\u2019ai pu enfin mettre des chiffres sur <strong>la tendance Smartphone Tablette\u00a0<\/strong>:<br \/>\n2011 marque l\u2019\u00e9mergence forte des tablettes et Smartphones \u2026 rel\u00e9guant le PC (Windows ou Mac) \u00e0 une belle moiti\u00e9 de march\u00e9\u00a0: un peu plus de 300\u00a0000 unit\u00e9 de PC vendu pour un cumul\u00e9 de 350\u00a0000 Smartphones et 100\u00a0000 tablettes (Gartner &amp; IDC) (les OS mobiles ont bien d\u00e9pass\u00e9 les OS \u00ab\u00a0lourd\u00a0\u00bb).<\/p>\n<p>Les tablettes (enfin l\u2019iPad) sont bien l\u00e0 et pour durer (l\u2019arriv\u00e9 de Windows 8 pouvant \u00eatre un d\u00e9multiplicateur important de cette tendance).<\/p>\n<p>Ce que la tablette (et dans une moindre mesure les Smartphones) a fait \u00e9merger,\u00a0 c\u2019est bien le concept de multi-\u00e9crans et de convergence.<br \/>\nMAIS le multi-\u00e9crans ce n\u2019est pas, mais alors pas, simple du tout\u00a0:<\/p>\n<p>Le multi-\u00e9crans c\u2019est le <strong>HbbTV\u00a0<\/strong>: c\u2019est un \u00e9cran dans l\u2019\u00e9cran (donc \u00e0 mon sens du multi-\u00e9crans). Le \u00a0<strong>HbbTV<\/strong> permet aux cha\u00eenes de t\u00e9l\u00e9vision de publier en plus et en accompagnement de leurs programmes t\u00e9l\u00e9vis\u00e9s, des contenus additionnels. Son principal atout, est de rendre le service interactif diffus\u00e9 neutre par rapport \u00e0 la marque du r\u00e9cepteur TV qui int\u00e8gre ce standard (<a href=\"http:\/\/fr.wikipedia.org\/wiki\/Hybrid_Broadcast_Broadband_TV\">Wikip\u00e9dia<\/a>).<\/p>\n<p>Le multi-\u00e9crans c\u2019est la lecture de fichier (l\u00e9gale ou non) via une cl\u00e9 USB ou surtout le <strong><a href=\"http:\/\/fr.wikipedia.org\/wiki\/Digital_Living_Network_Alliance\">DLNA<\/a><\/strong>, voir le t\u00e9l\u00e9chargement-streaming \u00e0 l\u2019instar de la PS3 ou surtout d\u2019iTunes Cloud. Pour se faire, il est possible d\u2019utiliser un PC (Windows 7 Mediacenter avec en surcouche l\u2019excellent Media Browser), un boitier d\u00e9di\u00e9 (Dune, Popcorn, Apple TV, etc\u2026), une console de jeux (particuli\u00e8rement la PS3).<\/p>\n<p>Le multi-\u00e9crans c\u2019est la possibilit\u00e9 de profiter de son contenu multim\u00e9dia<strong> n\u2019importe o\u00f9<\/strong> (via son Wifi ou un autre Wifi ou la 3\/4 G), n\u2019importe quand (ordinateur ferm\u00e9 par exemple) <strong>avec n\u2019importe quel support<\/strong> (sa propre TV en DLNA, une autre TV connect\u00e9 chez soi, son portable, son mobile ou sa tablette).<\/p>\n<p>Le multi-\u00e9crans c\u2019est (et on en parle peu) l\u2019information augment\u00e9e. Ce que propose par exemple Technicolor avec <strong>Media Echo<\/strong>. Avec une application sur tablette, je peux suivre un film\u00a0: sur la TV le film, sur la tablette de l\u2019information sur le film parfaitement synchronis\u00e9e avec le contenu.<\/p>\n<p><strong>La notion de multi-\u00e9crans est, \u00e0 mon sens, plurale<\/strong> (j\u2019ai certainement oubli\u00e9 d\u2019autres technologie et cas d\u2019usage). Je ne sais donc pas ce que Sony veut proposer qu\u2019Apple ne fait pas ou qu\u2019un bon geek avec un NAS et du contenu pirate pourrait faire.<\/p>\n<div id=\"themify_builder_content-7588\" data-postid=\"7588\" class=\"themify_builder_content themify_builder_content-7588 themify_builder\">\n    <\/div>\n<!-- \/themify_builder_content -->\n","protected":false},"excerpt":{"rendered":"<p>Je voulais rebondir sur le billet de Damien\u00a0: Sony se r\u00e9invente autour du multi-\u00e9crans Je ne sais pas vous mais en ce moment je ne fais qu\u2019entendre parler de multi-\u00e9crans. D\u2019exp\u00e9rience entre mobile, tablette et TV. Avant tout, j\u2019ai pu enfin mettre des chiffres sur la tendance Smartphone Tablette\u00a0: 2011 marque l\u2019\u00e9mergence forte des tablettes [&hellip;]<\/p>\n","protected":false},"author":2,"featured_media":0,"comment_status":"open","ping_status":"open","sticky":false,"template":"","format":"standard","meta":{"footnotes":""},"categories":[4],"tags":[],"class_list":["post-7588","post","type-post","status-publish","format-standard","hentry","category-sd-dossier","has-post-title","has-post-date","has-post-category","has-post-tag","has-post-comment","has-post-author",""],"builder_content":"","_links":{"self":[{"href":"https:\/\/stanetdam.com\/index.php?rest_route=\/wp\/v2\/posts\/7588","targetHints":{"allow":["GET"]}}],"collection":[{"href":"https:\/\/stanetdam.com\/index.php?rest_route=\/wp\/v2\/posts"}],"about":[{"href":"https:\/\/stanetdam.com\/index.php?rest_route=\/wp\/v2\/types\/post"}],"author":[{"embeddable":true,"href":"https:\/\/stanetdam.com\/index.php?rest_route=\/wp\/v2\/users\/2"}],"replies":[{"embeddable":true,"href":"https:\/\/stanetdam.com\/index.php?rest_route=%2Fwp%2Fv2%2Fcomments&post=7588"}],"version-history":[{"count":0,"href":"https:\/\/stanetdam.com\/index.php?rest_route=\/wp\/v2\/posts\/7588\/revisions"}],"wp:attachment":[{"href":"https:\/\/stanetdam.com\/index.php?rest_route=%2Fwp%2Fv2%2Fmedia&parent=7588"}],"wp:term":[{"taxonomy":"category","embeddable":true,"href":"https:\/\/stanetdam.com\/index.php?rest_route=%2Fwp%2Fv2%2Fcategories&post=7588"},{"taxonomy":"post_tag","embeddable":true,"href":"https:\/\/stanetdam.com\/index.php?rest_route=%2Fwp%2Fv2%2Ftags&post=7588"}],"curies":[{"name":"wp","href":"https:\/\/api.w.org\/{rel}","templated":true}]}}