{"id":7541,"date":"2012-03-07T14:45:14","date_gmt":"2012-03-07T13:45:14","guid":{"rendered":"http:\/\/www.stanetdam.com\/?p=7541"},"modified":"2012-03-07T14:45:14","modified_gmt":"2012-03-07T13:45:14","slug":"la-fonction-secrete-de-lipad-ecran-haptique","status":"publish","type":"post","link":"https:\/\/stanetdam.com\/?p=7541","title":{"rendered":"R\u00e9v\u00e9lation : la fonction secr\u00e8te de l&rsquo;iPad 3 sera&#8230;"},"content":{"rendered":"<p><img loading=\"lazy\" decoding=\"async\" class=\"aligncenter\" title=\"Annonce keynote iPad 3\" src=\"http:\/\/www.bhmag.fr\/images\/img6\/annonce-ipad3-keynote.jpg\" alt=\"\" width=\"366\" height=\"302\" \/><\/p>\n<p>Chez Stan&amp;Dam, on va suivre avec grande attention la keynote de ce soir. Nous avons d&rsquo;ailleurs d\u00e9j\u00e0 fait notre <a href=\"http:\/\/www.stanetdam.com\/les-predictions-de-standam-sur-lipad-3\/\">liste de pr\u00e9dictions<\/a>.<\/p>\n<p>Mais il y a UNE chose qu&rsquo;AUCUN site fran\u00e7ais (\u00e0 l&rsquo;exception <a href=\"http:\/\/www.mac4ever.com\/news\/68588\/un_ecran_haptique_pour_l_ipad_3\/\">d&rsquo;un<\/a>) n&rsquo;a list\u00e9 pour le moment et \u00e0 laquelle nous croyons \u00e0 mort sur ce blog : <strong>l&rsquo;iPad 3 (ou iPad HD) aura un \u00e9cran haptique<\/strong>.<\/p>\n<p>Une <a href=\"http:\/\/www.pocket-lint.com\/news\/44786\/senseg-hints-at-ipad3-tech\">source<\/a> r\u00e9v\u00e8le ce qui pourrait \u00eatre une vraie \u00ab\u00a0R\u00e9volution\u00a0\u00bb pour cette premi\u00e8re keynote produit sans Steve Jobs. Et le \u00ab\u00a0touch\u00a0\u00bb de l&rsquo;annonce officielle concorderait avec cela.<\/p>\n<h3>Pourquoi y croire ?<\/h3>\n<p>La premi\u00e8re critique qui a \u00e9t\u00e9 \u00e9mise lors de la sortie de l&rsquo;iPad \u00e9tait \u00ab\u00a0taper sur un \u00e9cran de verre ce n&rsquo;est pas du tout confortable\u00a0\u00bb. Sur une frappe longue, c&rsquo;est clairement peu agr\u00e9able.<\/p>\n<p>Apple avait palli\u00e9 \u00e0 cela en dotant d\u00e8s l&rsquo;origine son ipad d&rsquo;un \u00e9cran de tr\u00e8s haute qualit\u00e9 avec une r\u00e9ponse quasi-instantan\u00e9e et une sensibilit\u00e9 parfaite qui faisait que l&rsquo;on pouvait effleurer l&rsquo;\u00e9cran et qu&rsquo;il r\u00e9agissait \u00ab\u00a0comme par magie\u00a0\u00bb.<\/p>\n<p>Mais il faut pouvoir se diff\u00e9rencier de la concurrence, \u00e0 commencer Samsung. Or la diff\u00e9renciation technique (au sens \u00ab\u00a0je vais te mettre la puce la plus puissante dans un minimum de place) n&rsquo;est pas l&rsquo;apanage de la Pomme. Pour elle, ce qui compte c&rsquo;est le suppl\u00e9ment de confort qu&rsquo;apporte la technologie.<\/p>\n<p>D&rsquo;o\u00f9 le fait que nous croyons tr\u00e8s fort \u00e0 cet \u00e9cran haptique, qui prendrait le march\u00e9 \u00e0 revers, et surtout s&rsquo;inscrirait dans la lign\u00e9e d&rsquo;Apple de proposer en \u00ab\u00a0avant-premi\u00e8re\u00a0\u00bb un plus produit que les concurrents vont mettre des mois \u00e0 maitriser.<\/p>\n<p>Sans compter la l\u00e9gitimation renouvel\u00e9e que pour arrive \u00e0 ce niveau d&rsquo;innovation il faut d\u00e9velopper le <em>soft<\/em> et le <em>hard<\/em> en m\u00eame temps, ce que les concurrents ne font pas (Android est propos\u00e9 par Google), except\u00e9 le feu WebOS.<\/p>\n<div id=\"themify_builder_content-7541\" data-postid=\"7541\" class=\"themify_builder_content themify_builder_content-7541 themify_builder\">\n    <\/div>\n<!-- \/themify_builder_content -->\n","protected":false},"excerpt":{"rendered":"<p>Chez Stan&amp;Dam, on va suivre avec grande attention la keynote de ce soir. Nous avons d&rsquo;ailleurs d\u00e9j\u00e0 fait notre liste de pr\u00e9dictions. Mais il y a UNE chose qu&rsquo;AUCUN site fran\u00e7ais (\u00e0 l&rsquo;exception d&rsquo;un) n&rsquo;a list\u00e9 pour le moment et \u00e0 laquelle nous croyons \u00e0 mort sur ce blog : l&rsquo;iPad 3 (ou iPad HD) [&hellip;]<\/p>\n","protected":false},"author":3,"featured_media":0,"comment_status":"open","ping_status":"open","sticky":false,"template":"","format":"standard","meta":{"footnotes":""},"categories":[9],"tags":[256,261,1889,1891,1893,2043],"class_list":["post-7541","post","type-post","status-publish","format-standard","hentry","category-sd-techlounge","tag-apple","tag-apple-tv","tag-ipad","tag-ipad-3","tag-ipad-hd","tag-keynote","has-post-title","has-post-date","has-post-category","has-post-tag","has-post-comment","has-post-author",""],"builder_content":"","_links":{"self":[{"href":"https:\/\/stanetdam.com\/index.php?rest_route=\/wp\/v2\/posts\/7541","targetHints":{"allow":["GET"]}}],"collection":[{"href":"https:\/\/stanetdam.com\/index.php?rest_route=\/wp\/v2\/posts"}],"about":[{"href":"https:\/\/stanetdam.com\/index.php?rest_route=\/wp\/v2\/types\/post"}],"author":[{"embeddable":true,"href":"https:\/\/stanetdam.com\/index.php?rest_route=\/wp\/v2\/users\/3"}],"replies":[{"embeddable":true,"href":"https:\/\/stanetdam.com\/index.php?rest_route=%2Fwp%2Fv2%2Fcomments&post=7541"}],"version-history":[{"count":0,"href":"https:\/\/stanetdam.com\/index.php?rest_route=\/wp\/v2\/posts\/7541\/revisions"}],"wp:attachment":[{"href":"https:\/\/stanetdam.com\/index.php?rest_route=%2Fwp%2Fv2%2Fmedia&parent=7541"}],"wp:term":[{"taxonomy":"category","embeddable":true,"href":"https:\/\/stanetdam.com\/index.php?rest_route=%2Fwp%2Fv2%2Fcategories&post=7541"},{"taxonomy":"post_tag","embeddable":true,"href":"https:\/\/stanetdam.com\/index.php?rest_route=%2Fwp%2Fv2%2Ftags&post=7541"}],"curies":[{"name":"wp","href":"https:\/\/api.w.org\/{rel}","templated":true}]}}