{"id":7535,"date":"2012-03-07T14:01:54","date_gmt":"2012-03-07T13:01:54","guid":{"rendered":"http:\/\/www.stanetdam.com\/?p=7535"},"modified":"2012-03-07T14:01:54","modified_gmt":"2012-03-07T13:01:54","slug":"les-predictions-de-standam-sur-lipad-3","status":"publish","type":"post","link":"https:\/\/stanetdam.com\/?p=7535","title":{"rendered":"Les pr\u00e9dictions de Stan&#038;Dam sur l&rsquo;iPad 3"},"content":{"rendered":"<p style=\"text-align: center;\"><img loading=\"lazy\" decoding=\"async\" class=\"aligncenter\" title=\"Keynote iPad 3\" src=\"http:\/\/www.bhmag.fr\/images\/img6\/annonce-ipad3-keynote.jpg\" alt=\"\" width=\"366\" height=\"302\" \/><\/p>\n<p>C&rsquo;est ce soir qu&rsquo;Apple va nous r\u00e9v\u00e9ler, lors d&rsquo;une keynote sans Steve Jobs (la premi\u00e8re pour l&rsquo;annonce d&rsquo;un nouveau produit), son nouvel iPad 3. Et peut-\u00eatre plus.<\/p>\n<p>Fid\u00e8les \u00e0 leur flair l\u00e9gendaire de Geeks, voici les pr\u00e9dictions de Stan&amp;Dam !<\/p>\n<h3>Pour Stan, ce soir sera annonc\u00e9 :<\/h3>\n<ul>\n<li>un iPad 3 10 pouces avec \u00e9cran HD (d&rsquo;o\u00f9 son nom, iPad HD). Il sera de 2048 x 1536 pixels. Peut etre appel\u00e9 Retina (voir ici <a href=\"http:\/\/www.mac4ever.com\/news\/68494\/finalement_l_ecran_de_l_ipad_3_sera_bien_retina_non_mais_oui\/\">Mac 4 ever<\/a>) qui est mesure <span style=\"text-decoration: underline;\">relative<\/span><\/li>\n<li>cet \u00e9cran sera haptique avec retour par vibration en plus de la sensation du toucher (ce qui rendrait l&rsquo;invitation moins cryptique). De marque <a href=\"http:\/\/senseg.com\/\">Senseg <\/a>?<\/li>\n<li>le bouton home est toujours l\u00e0<\/li>\n<li>sous iOS 5.1 qui est valid\u00e9 depuis le 6 mars. Il y aura des nouveaut\u00e9s sous embargo pour le moment et surtout la fonction pour bloquer l&rsquo;acc\u00e8s au carnet d&rsquo;adresse<\/li>\n<li>le processeur sera un A5x, c&rsquo;est \u00e0 dire un A5 avec une sous partie graphique\u00a0PowerVR qui d\u00e9chire et 1 giga de Ram (l&rsquo;ecran ratina va consommer en Ram)<\/li>\n<li>une optique photo h\u00e9rit\u00e9 de l&rsquo;iPhone 4s (il serait temps)<\/li>\n<li>Siri mais je ne sais pas pourquoi &#8230; j&rsquo;ai comme un doute. On va dire que c&rsquo;est un acte religieux \ud83d\ude09<\/li>\n<li>un one more thing avec une Apple TV 3 en 1080p<\/li>\n<li>de nouvelles smart cover qui vont enfin couvrir le dos !<\/li>\n<\/ul>\n<h3>D&rsquo;apr\u00e8s Dam, les annonces devraient \u00eatre :<\/h3>\n<ul>\n<li>un iPad 3 10 pouces avec \u00e9cran HD (d&rsquo;o\u00f9 son nom, iPad HD) peut-\u00eatre appel\u00e9 Retina<\/li>\n<li>cet \u00e9cran sera haptique, il y aura la \u00ab\u00a0sensation de toucher\u00a0\u00bb (comme expliqu\u00e9 <a href=\"http:\/\/www.mac4ever.com\/news\/68588\/un_ecran_haptique_pour_l_ipad_3\/\">ici<\/a>)<\/li>\n<li>un bouton Home (il sera toujours l\u00e0, si si)<\/li>\n<li>la pr\u00e9-annonce de iOS 5.1 adapt\u00e9 aux nouvelles possibilit\u00e9s de cet iPad HD<\/li>\n<li>le processeur sera un A5x, boost\u00e9 au niveau graphique (1080p)<\/li>\n<li>une optique photo de meilleure qualit\u00e9<\/li>\n<li>Siri (voir plus bas)<\/li>\n<\/ul>\n<p><strong>Le One More Thing<\/strong> : un Apple TV avec la m\u00eame puce A5x permettant de g\u00e9rer du 1080p.<\/p>\n<p><strong>Le One More More Thing<\/strong> : un nouvel iTunes taill\u00e9 sur mesure pour la consommation de contenus sur ces nouveaux iPad et Apple TV avec de la Full HD (films, s\u00e9ries), des ouvrage s HD (livres, b\u00e9d\u00e9s), un nouveau syst\u00e8me de classement (suite au rachat de <a href=\"http:\/\/www.businessmobile.fr\/actualites\/apple-s-offre-chomp-et-son-moteur-de-recherche-d-applications-mobiles-39768947.htm\">Chomp<\/a>).<\/p>\n<p><strong>La question<\/strong> <strong>de Dam<\/strong> : l&rsquo;int\u00e9gration de Siri. Je pense que Siri est la pierre angulaire de la strat\u00e9gie de contenu d&rsquo;Apple dans un environnement domestique.<\/p>\n<ul>\n<li>Soit Siri est int\u00e9gr\u00e9 dans l&rsquo;iPad dans une logique de commande vocale de l&rsquo;Apple TV et donc l&rsquo;Apple TV sera pr\u00eate \u00e0 \u00eatre pilot\u00e9e par la voix via les iDevices et une mise \u00e0 jour de l&rsquo;application Remote.<\/li>\n<li>Soit Siri sera directement int\u00e9gr\u00e9 dans l&rsquo;Apple TV. Ca pourrait \u00eatre logique, mais pourrait poser des probl\u00e8mes d&rsquo;int\u00e9gration technologique (capacit\u00e9 de r\u00e9ception du micro, gestion des ordres dans un environnement bruyant&#8230;)<\/li>\n<\/ul>\n<p><strong>La question<\/strong> <strong>de Stan<\/strong>: j&rsquo;ai comme un doute sur Siri m\u00eame si je veux y croire. Si toutes ou partie des ces innovations sont int\u00e9gr\u00e9es; que l&rsquo;iPad 2 reste disponible \u00e0 un prix compress\u00e9 &#8230; je pr\u00e9dis un avenir extr\u00eamement radieux \u00e0 Apple. Achetez des actions APPL en fin de journ\u00e9e et vendez demain milieu d\u2019apr\u00e8s midi.<\/p>\n<p>A suivre ce soir !<\/p>\n<div id=\"themify_builder_content-7535\" data-postid=\"7535\" class=\"themify_builder_content themify_builder_content-7535 themify_builder\">\n    <\/div>\n<!-- \/themify_builder_content -->\n","protected":false},"excerpt":{"rendered":"<p>C&rsquo;est ce soir qu&rsquo;Apple va nous r\u00e9v\u00e9ler, lors d&rsquo;une keynote sans Steve Jobs (la premi\u00e8re pour l&rsquo;annonce d&rsquo;un nouveau produit), son nouvel iPad 3. Et peut-\u00eatre plus. Fid\u00e8les \u00e0 leur flair l\u00e9gendaire de Geeks, voici les pr\u00e9dictions de Stan&amp;Dam ! Pour Stan, ce soir sera annonc\u00e9 : un iPad 3 10 pouces avec \u00e9cran HD [&hellip;]<\/p>\n","protected":false},"author":3,"featured_media":0,"comment_status":"open","ping_status":"open","sticky":false,"template":"","format":"standard","meta":{"footnotes":""},"categories":[9],"tags":[256,261,1889,1891,1893,2043],"class_list":["post-7535","post","type-post","status-publish","format-standard","hentry","category-sd-techlounge","tag-apple","tag-apple-tv","tag-ipad","tag-ipad-3","tag-ipad-hd","tag-keynote","has-post-title","has-post-date","has-post-category","has-post-tag","has-post-comment","has-post-author",""],"builder_content":"","_links":{"self":[{"href":"https:\/\/stanetdam.com\/index.php?rest_route=\/wp\/v2\/posts\/7535","targetHints":{"allow":["GET"]}}],"collection":[{"href":"https:\/\/stanetdam.com\/index.php?rest_route=\/wp\/v2\/posts"}],"about":[{"href":"https:\/\/stanetdam.com\/index.php?rest_route=\/wp\/v2\/types\/post"}],"author":[{"embeddable":true,"href":"https:\/\/stanetdam.com\/index.php?rest_route=\/wp\/v2\/users\/3"}],"replies":[{"embeddable":true,"href":"https:\/\/stanetdam.com\/index.php?rest_route=%2Fwp%2Fv2%2Fcomments&post=7535"}],"version-history":[{"count":0,"href":"https:\/\/stanetdam.com\/index.php?rest_route=\/wp\/v2\/posts\/7535\/revisions"}],"wp:attachment":[{"href":"https:\/\/stanetdam.com\/index.php?rest_route=%2Fwp%2Fv2%2Fmedia&parent=7535"}],"wp:term":[{"taxonomy":"category","embeddable":true,"href":"https:\/\/stanetdam.com\/index.php?rest_route=%2Fwp%2Fv2%2Fcategories&post=7535"},{"taxonomy":"post_tag","embeddable":true,"href":"https:\/\/stanetdam.com\/index.php?rest_route=%2Fwp%2Fv2%2Ftags&post=7535"}],"curies":[{"name":"wp","href":"https:\/\/api.w.org\/{rel}","templated":true}]}}