{"id":7511,"date":"2012-02-28T11:42:10","date_gmt":"2012-02-28T10:42:10","guid":{"rendered":"http:\/\/www.stanetdam.com\/?p=7511"},"modified":"2012-02-28T11:42:10","modified_gmt":"2012-02-28T10:42:10","slug":"interview-video-aux-origines-de-jean-dujardin","status":"publish","type":"post","link":"https:\/\/stanetdam.com\/?p=7511","title":{"rendered":"Interview vid\u00e9o : aux origines de Jean Dujardin"},"content":{"rendered":"<p>Chaque semaine, Dam est dans les coulisses de <a href=\"http:\/\/www.france4.fr\/touche-pas-a-mon-poste\/\">Touche Pas \u00e0 Mon Poste<\/a>, l&rsquo;\u00e9mission qui crame l&rsquo;audience de France 4 tous les jeudis soirs.<\/p>\n<p>Il enregistre les <a href=\"http:\/\/www.youtube.com\/playlist?list=PLDC830E76A16B07C1\">VisioPoste des invit\u00e9s<\/a>, interviews o\u00f9 les stars racontent ce qu&rsquo;ils aiment \u00e0 la t\u00e9l\u00e9, ce qu&rsquo;ils n&rsquo;aiment pas, le programme inavouable qu&rsquo;ils ont d\u00e9j\u00e0 regard\u00e9&#8230; et il arrive qu&rsquo;ils s&rsquo;\u00e9panchent plus.<\/p>\n<p>Comme par exemple cette fois-ci, Laurent Boyer qui raconte sa rencontre avec Jean Dujardin, r\u00e9v\u00e9l\u00e9 dans l&rsquo;\u00e9mission qu&rsquo;il pr\u00e9sentait \u00e0 l&rsquo;\u00e9poque sur M6 : Graine de Star.<\/p>\n<p>Les origines de Jean Dujardin racont\u00e9es par Laurent Boyer, c&rsquo;est tout de suite dans Fr\u00e9quen&#8230; sur Stan&amp;Dam !<\/p>\n<p>PUB : et si vous avez envie de rejoindre <a href=\"http:\/\/www.facebook.com\/TPMPF4\">la communaut\u00e9 de TPMP<\/a> et de faire vous aussi un <a href=\"http:\/\/on.fb.me\/visioposte\">VisioPoste<\/a>, c&rsquo;est par ici \ud83d\ude42<\/p>\n<p>&nbsp;<\/p>\n<p style=\"text-align: center;\">[youtube ObOEvB4ionQ]<\/p>\n<div id=\"themify_builder_content-7511\" data-postid=\"7511\" class=\"themify_builder_content themify_builder_content-7511 themify_builder\">\n    <\/div>\n<!-- \/themify_builder_content -->\n","protected":false},"excerpt":{"rendered":"<p>Chaque semaine, Dam est dans les coulisses de Touche Pas \u00e0 Mon Poste, l&rsquo;\u00e9mission qui crame l&rsquo;audience de France 4 tous les jeudis soirs. Il enregistre les VisioPoste des invit\u00e9s, interviews o\u00f9 les stars racontent ce qu&rsquo;ils aiment \u00e0 la t\u00e9l\u00e9, ce qu&rsquo;ils n&rsquo;aiment pas, le programme inavouable qu&rsquo;ils ont d\u00e9j\u00e0 regard\u00e9&#8230; et il arrive [&hellip;]<\/p>\n","protected":false},"author":3,"featured_media":0,"comment_status":"open","ping_status":"open","sticky":false,"template":"","format":"standard","meta":{"footnotes":""},"categories":[7],"tags":[1432,1437,1968,2123,2142,3803,3868,3881],"class_list":["post-7511","post","type-post","status-publish","format-standard","hentry","category-sd_prod","tag-france-4","tag-france-televisions","tag-jean-dujardin","tag-laurent-boyer","tag-le-visioposte","tag-the-artist","tag-touche-pas-a-mon-poste","tag-tpmp","has-post-title","has-post-date","has-post-category","has-post-tag","has-post-comment","has-post-author",""],"builder_content":"","_links":{"self":[{"href":"https:\/\/stanetdam.com\/index.php?rest_route=\/wp\/v2\/posts\/7511","targetHints":{"allow":["GET"]}}],"collection":[{"href":"https:\/\/stanetdam.com\/index.php?rest_route=\/wp\/v2\/posts"}],"about":[{"href":"https:\/\/stanetdam.com\/index.php?rest_route=\/wp\/v2\/types\/post"}],"author":[{"embeddable":true,"href":"https:\/\/stanetdam.com\/index.php?rest_route=\/wp\/v2\/users\/3"}],"replies":[{"embeddable":true,"href":"https:\/\/stanetdam.com\/index.php?rest_route=%2Fwp%2Fv2%2Fcomments&post=7511"}],"version-history":[{"count":0,"href":"https:\/\/stanetdam.com\/index.php?rest_route=\/wp\/v2\/posts\/7511\/revisions"}],"wp:attachment":[{"href":"https:\/\/stanetdam.com\/index.php?rest_route=%2Fwp%2Fv2%2Fmedia&parent=7511"}],"wp:term":[{"taxonomy":"category","embeddable":true,"href":"https:\/\/stanetdam.com\/index.php?rest_route=%2Fwp%2Fv2%2Fcategories&post=7511"},{"taxonomy":"post_tag","embeddable":true,"href":"https:\/\/stanetdam.com\/index.php?rest_route=%2Fwp%2Fv2%2Ftags&post=7511"}],"curies":[{"name":"wp","href":"https:\/\/api.w.org\/{rel}","templated":true}]}}