{"id":7506,"date":"2012-02-27T19:28:28","date_gmt":"2012-02-27T18:28:28","guid":{"rendered":"http:\/\/www.stanetdam.com\/?p=7506"},"modified":"2012-02-27T19:28:28","modified_gmt":"2012-02-27T18:28:28","slug":"the-artist-30-minutes-avec-lequipe-avant-les-oscars-video","status":"publish","type":"post","link":"https:\/\/stanetdam.com\/?p=7506","title":{"rendered":"The Artist : 30 minutes avec l&rsquo;\u00e9quipe avant les Oscar (vid\u00e9o)"},"content":{"rendered":"<p>Le 12 octobre 2011 sortait sur les \u00e9crans The Artist, film qui eu un succ\u00e8s honorable dans sa prime jeunesse et qui vit d\u00e9sormais un r\u00eave hollywoodien.<\/p>\n<p>Le 11 octobre, veille de sa sortie, j&rsquo;avais la chance d&rsquo;assister durant 30 minutes avec Stan \u00e0 l&rsquo;avant-premi\u00e8re du film, en pr\u00e9sence de Jean Dujardin, Michel Hazanavicius et Thomas Langmann.<\/p>\n<p>D\u00e9j\u00e0, \u00e0 l&rsquo;\u00e9poque, il \u00e9tait question des Oscar, mais rien de bien sur. Et pourtant&#8230;<\/p>\n<p>Voici donc les 30 minutes <em>uncut<\/em> de rencontre avec l&rsquo;\u00e9quipe du film,\u00a0nous expliquant ce pari fou comme les aime Hazanavicius, port\u00e9 par son amour pour le cin\u00e9ma : l&rsquo;homme de la Classe Am\u00e9ricaine c&rsquo;est lui, ne l&rsquo;oublions pas. Il va donc truffer son film de r\u00e9f\u00e9rences, de clin d&rsquo;oeil, de cadrages qui impressionnent la pellicule sensible de notre inconscient.<\/p>\n<p>Mais le m\u00e9rite de The Artist, c&rsquo;est de faire le silence. Dans un monde satur\u00e9 de bruit, impr\u00e9gn\u00e9 de rapidit\u00e9, il prend le temps et donne le tempo. Il pose et met sur pause, et fait du bruit par son air d\u00e9suet d&rsquo;une modernit\u00e9 \u00e9clatante.<\/p>\n<p>&nbsp;<\/p>\n<p style=\"text-align: center;\">[youtube ajqjSXvubsY]<\/p>\n<p style=\"text-align: center;\">[youtube RgSi61AR1SY]<\/p>\n<div id=\"themify_builder_content-7506\" data-postid=\"7506\" class=\"themify_builder_content themify_builder_content-7506 themify_builder\">\n    <\/div>\n<!-- \/themify_builder_content -->\n","protected":false},"excerpt":{"rendered":"<p>Le 12 octobre 2011 sortait sur les \u00e9crans The Artist, film qui eu un succ\u00e8s honorable dans sa prime jeunesse et qui vit d\u00e9sormais un r\u00eave hollywoodien. Le 11 octobre, veille de sa sortie, j&rsquo;avais la chance d&rsquo;assister durant 30 minutes avec Stan \u00e0 l&rsquo;avant-premi\u00e8re du film, en pr\u00e9sence de Jean Dujardin, Michel Hazanavicius et [&hellip;]<\/p>\n","protected":false},"author":3,"featured_media":0,"comment_status":"open","ping_status":"open","sticky":false,"template":"","format":"standard","meta":{"footnotes":""},"categories":[2],"tags":[414,671,1968,2808,3417,3803,3822],"class_list":["post-7506","post","type-post","status-publish","format-standard","hentry","category-loisiretportnawak","tag-berenice-bejo","tag-cesar","tag-jean-dujardin","tag-oscar","tag-serge-hazanavicius","tag-the-artist","tag-thomas-langmann","has-post-title","has-post-date","has-post-category","has-post-tag","has-post-comment","has-post-author",""],"builder_content":"","_links":{"self":[{"href":"https:\/\/stanetdam.com\/index.php?rest_route=\/wp\/v2\/posts\/7506","targetHints":{"allow":["GET"]}}],"collection":[{"href":"https:\/\/stanetdam.com\/index.php?rest_route=\/wp\/v2\/posts"}],"about":[{"href":"https:\/\/stanetdam.com\/index.php?rest_route=\/wp\/v2\/types\/post"}],"author":[{"embeddable":true,"href":"https:\/\/stanetdam.com\/index.php?rest_route=\/wp\/v2\/users\/3"}],"replies":[{"embeddable":true,"href":"https:\/\/stanetdam.com\/index.php?rest_route=%2Fwp%2Fv2%2Fcomments&post=7506"}],"version-history":[{"count":0,"href":"https:\/\/stanetdam.com\/index.php?rest_route=\/wp\/v2\/posts\/7506\/revisions"}],"wp:attachment":[{"href":"https:\/\/stanetdam.com\/index.php?rest_route=%2Fwp%2Fv2%2Fmedia&parent=7506"}],"wp:term":[{"taxonomy":"category","embeddable":true,"href":"https:\/\/stanetdam.com\/index.php?rest_route=%2Fwp%2Fv2%2Fcategories&post=7506"},{"taxonomy":"post_tag","embeddable":true,"href":"https:\/\/stanetdam.com\/index.php?rest_route=%2Fwp%2Fv2%2Ftags&post=7506"}],"curies":[{"name":"wp","href":"https:\/\/api.w.org\/{rel}","templated":true}]}}