{"id":7472,"date":"2012-02-19T20:14:34","date_gmt":"2012-02-19T19:14:34","guid":{"rendered":"http:\/\/www.stanetdam.com\/?p=7472"},"modified":"2012-02-19T20:14:34","modified_gmt":"2012-02-19T19:14:34","slug":"ma-reaction-au-on-refait-le-mac-n91-ipad-3","status":"publish","type":"post","link":"https:\/\/stanetdam.com\/?p=7472","title":{"rendered":"Ma r\u00e9action au \u00ab\u00a0On refait le Mac\u00a0\u00bb n\u00b091 : iPad 3"},"content":{"rendered":"<p>Je suis en train de regarder On refait le mac : sp\u00e9cial iPad 3.<\/p>\n<p>J\u2019adore ce podcast et conna\u00eet pas mal voir bien le 4 intervenants habituels (@olivierfrigara @truemisterX @cingrand @rodrigo).<\/p>\n<p>Et je voulais r\u00e9agir (amicalement hein) avec ce que j&rsquo;entends:<\/p>\n<p>1\u00b0 une r\u00e9solution retina iPad ne sert a rien<br \/>\nEuh ouais mais non.<br \/>\nD\u00e9j\u00e0 ce qu\u2019on voit sur beaucoup de site, c\u2019est que Retina, tenu \u00e0 quelque centim\u00e8tre, repr\u00e9sente pour un iPad un \u00e9cran autour de 2048 x 1 536.<br \/>\nEt comme par hasard, il semblerait apr\u00e8s \u00e9tude au microscope (de <a href=\"http:\/\/www.macrumors.com\/2012\/02\/17\/confirmed-ipad-3-has-a-2048x1536-retina-display\/\">Mac Rumor)<\/a> que la r\u00e9solution de l\u2019\u00e9cran serait doubl\u00e9.? Non, ce doublement ne permet pas d\u2019avoir un DPI aussi important que celui de l\u2019iPhone 4 mais on serait bien en pr\u00e9sence d\u2019un \u00e9cran Tr\u00e8s haute d\u00e9finition que je sens \u00eatre appel\u00e9 Retina pour iPad.<br \/>\nEt franchement pour les BD, ou les ebooks &#8230; ce serait top. Sans parler des jeux !<br \/>\nJe suis sinon assez d\u2019accord avec les intervenants pour croire que l\u2019iPad dans l&rsquo;\u00e9ducation c\u2019est un pousse au crime (des gamins de 10 ans avec un iPad 3 &#8230; c\u2019est je te casse la \u00abgueule\u00bb puis je te vole ton pr\u00e9cieux. En m\u00eame temps, en tout cas pour les \u00e9tats unis, l\u2019iPad peut \u00eatre partiellement financ\u00e9 par l\u2019\u00e9tat voir Microsoft)<\/p>\n<p>2\u00b0 la batterie<br \/>\nCa reste une v\u00e9ritable inconnue. Que va faire Apple \u00e0 ce sujet, on peut supputer que la batterie sera plus importante et qu\u2019il y aura plus d\u2019autonomie ? enfin avec le retina display for ipad &#8230;. ce n\u2019est pas sur.<\/p>\n<p>3\u00b0 Siri<br \/>\nMr X nous dit que l\u2019iPad 3 devrait embarquer Siri parce que le composant de traitement du son sera enfin pr\u00e9sent.<br \/>\nMAIS ce composant est d\u00e9j\u00e0 dans l\u2019iPad 2 puisque l\u2019inventeur de la technologie de pr\u00e9-traitement du son a expliqu\u00e9 que son brevet \u00e9tait embarqu\u00e9 de le processeur A5 (qui \u00e9quipe l\u2019iPad 2 et l\u2019iPhone 4S). Ce qui manque \u00e0 mon sens \u00e0 l\u2019iPad 2 pour que Siri fonctionne pleinement c\u2019est un 2\u00e8me micro d\u2019annulation de bruit ambiant.<br \/>\nEst-ce que l\u2019iPad 3 va l\u2019embarquer ? Pas sur si je me fie au photo qui fuitent en ce moment sur le web.<br \/>\nPar contre ce qui est sur ce que vu le succ\u00e8s de l\u2019iPhone 4S (en partie d\u00fb \u00e0 Siri) &#8230; seul l\u2019iPad 3 en b\u00e9n\u00e9ficiera si Siri doit apparaitre dessus.<\/p>\n<p>4\u00b0 Camera<br \/>\nla aussi on devrait voir un cam\u00e9ra 8 mpx a l\u2019arri\u00e8re mais on ne sait pas pour le moment sur la cam\u00e9ra frontale (qui gagnerait bien plus a \u00eatre chang\u00e9e pour skype ou facetime).<\/p>\n<p>5\u00b0 Thunderbolt<br \/>\nJe suis enti\u00e8rement d&rsquo;accord aucun risque de le voir appara\u00eetre !<\/p>\n<p>6\u00b0 le prix<br \/>\nJe ne le vois pas bouger pour le haut de gamme &#8230;. un iPad 8&prime; moins cher ? possible<br \/>\nVoir un iPad 3 avec beaucoup plus de stockage et donc plus cher &#8230;nah. Pas pour le moment, parce que le stockage de 128Gig hors SSD n&rsquo;est pas accessible m\u00eame \u00e0 des prix exag\u00e9r\u00e9. J&rsquo;attends donc du 16, 32, 64 Giga mais pas de 128 (malheureusement).<\/p>\n<p>Voila ma r\u00e9action \u00e0 l\u2019excellent <a href=\"http:\/\/www.onrefaitlemac.com\/v2\/podcasts\/9\/200\">podcast On refait le mac\u00a0<\/a> (si vous n\u2019avez pas d\u2019appli podcast iPhone \/ iPad je vous conseille le superbe <a href=\"http:\/\/downcastapp.com\/\">downcast<\/a>\u00a0\u00a0 &#8230; j\u2019ai beaucoup cherch\u00e9 et je vous conseille tr\u00e8s vivement cette app)<\/p>\n<div id=\"themify_builder_content-7472\" data-postid=\"7472\" class=\"themify_builder_content themify_builder_content-7472 themify_builder\">\n    <\/div>\n<!-- \/themify_builder_content -->\n","protected":false},"excerpt":{"rendered":"<p>Je suis en train de regarder On refait le mac : sp\u00e9cial iPad 3. J\u2019adore ce podcast et conna\u00eet pas mal voir bien le 4 intervenants habituels (@olivierfrigara @truemisterX @cingrand @rodrigo). Et je voulais r\u00e9agir (amicalement hein) avec ce que j&rsquo;entends: 1\u00b0 une r\u00e9solution retina iPad ne sert a rien Euh ouais mais non. D\u00e9j\u00e0 [&hellip;]<\/p>\n","protected":false},"author":2,"featured_media":0,"comment_status":"open","ping_status":"open","sticky":false,"template":"","format":"standard","meta":{"footnotes":""},"categories":[4],"tags":[256,2296,2771,2803,3014],"class_list":["post-7472","post","type-post","status-publish","format-standard","hentry","category-sd-dossier","tag-apple","tag-mac","tag-on-refait-le-mac","tag-orlm","tag-podcast","has-post-title","has-post-date","has-post-category","has-post-tag","has-post-comment","has-post-author",""],"builder_content":"","_links":{"self":[{"href":"https:\/\/stanetdam.com\/index.php?rest_route=\/wp\/v2\/posts\/7472","targetHints":{"allow":["GET"]}}],"collection":[{"href":"https:\/\/stanetdam.com\/index.php?rest_route=\/wp\/v2\/posts"}],"about":[{"href":"https:\/\/stanetdam.com\/index.php?rest_route=\/wp\/v2\/types\/post"}],"author":[{"embeddable":true,"href":"https:\/\/stanetdam.com\/index.php?rest_route=\/wp\/v2\/users\/2"}],"replies":[{"embeddable":true,"href":"https:\/\/stanetdam.com\/index.php?rest_route=%2Fwp%2Fv2%2Fcomments&post=7472"}],"version-history":[{"count":0,"href":"https:\/\/stanetdam.com\/index.php?rest_route=\/wp\/v2\/posts\/7472\/revisions"}],"wp:attachment":[{"href":"https:\/\/stanetdam.com\/index.php?rest_route=%2Fwp%2Fv2%2Fmedia&parent=7472"}],"wp:term":[{"taxonomy":"category","embeddable":true,"href":"https:\/\/stanetdam.com\/index.php?rest_route=%2Fwp%2Fv2%2Fcategories&post=7472"},{"taxonomy":"post_tag","embeddable":true,"href":"https:\/\/stanetdam.com\/index.php?rest_route=%2Fwp%2Fv2%2Ftags&post=7472"}],"curies":[{"name":"wp","href":"https:\/\/api.w.org\/{rel}","templated":true}]}}