{"id":7321,"date":"2011-12-21T11:57:57","date_gmt":"2011-12-21T10:57:57","guid":{"rendered":"http:\/\/www.stanetdam.com\/?p=7321"},"modified":"2011-12-21T11:57:57","modified_gmt":"2011-12-21T10:57:57","slug":"les-gerard-de-la-tele-le-palmares-et-nos-reactions-a-chaud-en-video","status":"publish","type":"post","link":"https:\/\/stanetdam.com\/?p=7321","title":{"rendered":"Les G\u00e9rard de la t\u00e9l\u00e9 : le palmar\u00e8s et nos r\u00e9actions \u00e0 chaud en vid\u00e9o"},"content":{"rendered":"<p style=\"text-align: center;\">[youtube AXlReV7vzvM]<\/p>\n<p>Voici le palmar\u00e8s in-extenso. Et pour ceux qui ont rat\u00e9 les G\u00e9rard (et la pr\u00e9sence r\u00e9p\u00e9t\u00e9e \u00e0 l&rsquo;antenne de Stan&amp;Dam, si si), c&rsquo;est sur Paris Premi\u00e8re le 25 d\u00e9cembre \u00e0 19h !<\/p>\n<p><em>1\/ G\u00e9rard de la pr\u00e9sentatrice m\u00e9t\u00e9o qui, au rythme du r\u00e9chauffement climatique,s\u2019ass\u00e8che doucement mais s\u00fbrement<\/em><br \/>\nEvelyne Dh\u00e9liat\u00a0(TF1)<\/p>\n<p><em>2\/ G\u00e9rard de l\u2019animateur qui aurait pas d\u00fb<\/em><br \/>\nChristophe Hondelatte, qui aurait pas d\u00fb enregistrer Dr House<\/p>\n<p><em>3\/ G\u00e9rard de l\u2019\u00e9mission de warriors o\u00f9 des candidats se fightent fa\u00e7on Alien vs Predator sur du Carmina Burana, tout \u00e7a pour d\u00e9terminer si le menu makis de C\u00e9lestin est meilleur que le menu verrines de Floriane<\/em><br \/>\nMasterChef\u00a0(TF1)<\/p>\n<p><em>4\/ G\u00e9rard du monomaniaque<\/em><br \/>\nBernard de la Villardi\u00e8re\u00a0dans Enqu\u00eate exclusive sur M6 pour \u00ab Sexe, drogues, alcool, viols, meurtres, sodomie sur personnes \u00e2g\u00e9es : enqu\u00eate sans concession dans la fili\u00e8re roumaine. \u00bb<\/p>\n<p><em>5\/ G\u00e9rard du membre d&rsquo;un jury de tocards qui a toute l\u00e9gitimit\u00e9 \u00e0 te juger vu comment il a brillamment r\u00e9ussi sa carri\u00e8re<\/em><br \/>\nJean Benguigui\u00a0dans On n\u2019demande qu\u2019\u00e0 en rire (FR2)<\/p>\n<p><em>6\/ G\u00e9rard du super h\u00e9ros invincible qui r\u00e9siste \u00e0 tout depuis plus de trente ans : aux directeurs de programmes, \u00e0 la pression politique, aux mauvaises audiences et \u00e0 la canicule<\/em><br \/>\nSuper Michel Drucker<\/p>\n<p><em>7\/ G\u00e9rard de l&rsquo;\u00e9mission qui te fait croire que tu vas trouver l\u2019amour, alors qu&rsquo;avec ta gueule, m\u00eame ta main refuse de te branler<\/em><br \/>\nL&rsquo;Amour est aveugle\u00a0(TF1)<\/p>\n<p><em>8\/ G\u00e9rard de l\u2019animatrice tellement nulle que tu te demandes ce qu\u2019elle a bien pu faire pour d\u00e9crocher son poste. Enfin non, tu te le demandes pas, tu le sais, mais tu le gardes pour toi pour pas t\u2019attirer d\u2019emmerdes avec Ni putes ni soumises.<\/em><br \/>\nSolweig Rediger-Lizlow\u00a0dans le Grand journal (Canal+)<\/p>\n<p><em>9\/ G\u00e9rard du tirage de lettres embarrassant dans l\u2019\u00e9mission Des Chiffres et des lettres<\/em><br \/>\nH.E.I.L.H.I.T.L.E.R.<\/p>\n<p><em>10\/ G\u00e9rard du type, sa t\u00eate, on dirait une marionnette des Guignols<\/em><br \/>\nIgor Bogdanov\u00a0dans A deux pas du futur (FR5)<\/p>\n<p><em>11\/ G\u00e9rard de l&rsquo;invit\u00e9-juke-box dans lequel t&rsquo;as juste \u00e0 mettre une pi\u00e8ce pour qu&rsquo;il te rejoue la m\u00eame chanson<\/em><br \/>\nChristophe Hondelatte\u00a0pour \u00ab Non, mais si vous aimez pas mon disque, c&rsquo;est parce que vous y connaissez rien en musique ! Mais bon, je m&rsquo;en fiche, tous les artistes ont v\u00e9cu \u00e7a&#8230; Les Brel, les Brassens, les Ferr\u00e9, et maintenant moi&#8230; Mais en France, on adore mettre des \u00e9tiquettes\u2026 Puisque c\u2019est comme \u00e7a j\u2019me casse ! \u00bb<\/p>\n<p><em>12\/ G\u00e9rard de la meilleure famille dans Une Famille en or<\/em><br \/>\nLa famille Diallo<\/p>\n<p><em>13\/ G\u00e9rard de l\u2019\u00e9mission o\u00f9 on mange des vers<\/em><br \/>\nKoh-Lanta\u00a0(TF1)<\/p>\n<p><em>14\/ G\u00e9rard du petit m\u00e9trosexuel \u00e0 chemise Fred Perry, bottines Paul Smith et costard The Kooples, embauch\u00e9 au d\u00e9part pour faire bander les gays du Marais mais qui au final fait mouiller les vieilles du V\u00e9sinet<\/em><br \/>\nYann Barth\u00e8s\u00a0dans le Petit journal (Canal+)<\/p>\n<p><em>15\/ G\u00e9rard du KGB<\/em><br \/>\nAlexandra Golovanov\u00a0dans La mode la mode la mode (Paris Premi\u00e8re)<\/p>\n<p><em>16\/ G\u00e9rard de l\u2019animateur qui a trop de dents, et elles sont trop blanches<\/em><br \/>\nJean-Marc Morandini\u00a0dans Morandini (Direct 8) (D\u00e9cern\u00e9 par les lecteurs et internautes de<em>\u00a020 minutes<\/em>)<\/p>\n<p><em>17\/ G\u00e9rard de l\u2019astuce 100% malin, 100% discount, pour remplir votre cha\u00eene TNT \u00e0 prix fut\u00e9s !<\/em><br \/>\nFilmer des chansonniers qui rient encore en imitant Georges Marchais et<br \/>\nRaymond Barre\u00a0(Paris Premi\u00e8re)<\/p>\n<p><em>18\/ G\u00e9rard de l\u2019\u00e9mission qui a un nom de pi\u00e8ce de boulevard avec Marthe<br \/>\nVillalonga et Bernard Menez en slip cach\u00e9 dans un placard<\/em><br \/>\nComment \u00e7a va bien ?\u00a0(FR2)<\/p>\n<p><em>19\/ G\u00e9rard du ch\u00f4meur qui vient pointer \u00e0 Paris Premi\u00e8re plut\u00f4t qu\u2019\u00e0 P\u00f4le Emploi<\/em><br \/>\nGuillaume Durand\u00a0dans Rive droite<\/p>\n<p><em>20\/ G\u00e9rard du zoo<\/em><br \/>\nLes Ch\u2019tis \u00e0 Ibiza\u00a0(W9)<\/p>\n<p><em>21\/ G\u00e9rard du jardin des plantes<\/em><br \/>\nAriane Massenet\u00a0dans le Grand journal (Canal+)<\/p>\n<p><em>22\/ G\u00e9rard de l\u2019\u00e9mission qui a fait un tel krach d&rsquo;audience qu&rsquo;on a eu du bol que Standard &amp; Poor&rsquo;s ne d\u00e9grade pas la note de la France dans la foul\u00e9e<\/em><br \/>\nAvant-premi\u00e8res\u00a0avec Elizabeth Tchoungui (FR2)<\/p>\n<p><em>23\/ G\u00e9rard de la pire animatrice de l\u2019ann\u00e9e<\/em><br \/>\nElsa Fayer\u00a0dans Carr\u00e9 Viiip (TF1)<\/p>\n<p><em>24\/ G\u00e9rard du pire animateur de l\u2019ann\u00e9e<\/em><br \/>\nCyril Viguier\u00a0dans Vendredi sur un plateau (FR3)<\/p>\n<div id=\"themify_builder_content-7321\" data-postid=\"7321\" class=\"themify_builder_content themify_builder_content-7321 themify_builder\">\n    <\/div>\n<!-- \/themify_builder_content -->\n","protected":false},"excerpt":{"rendered":"<p>[youtube AXlReV7vzvM] Voici le palmar\u00e8s in-extenso. Et pour ceux qui ont rat\u00e9 les G\u00e9rard (et la pr\u00e9sence r\u00e9p\u00e9t\u00e9e \u00e0 l&rsquo;antenne de Stan&amp;Dam, si si), c&rsquo;est sur Paris Premi\u00e8re le 25 d\u00e9cembre \u00e0 19h ! 1\/ G\u00e9rard de la pr\u00e9sentatrice m\u00e9t\u00e9o qui, au rythme du r\u00e9chauffement climatique,s\u2019ass\u00e8che doucement mais s\u00fbrement Evelyne Dh\u00e9liat\u00a0(TF1) 2\/ G\u00e9rard de l\u2019animateur [&hellip;]<\/p>\n","protected":false},"author":3,"featured_media":0,"comment_status":"open","ping_status":"open","sticky":false,"template":"","format":"standard","meta":{"footnotes":""},"categories":[3],"tags":[2172,2174,2861],"class_list":["post-7321","post","type-post","status-publish","format-standard","hentry","category-sd-usages","tag-les-gerard","tag-les-gerard-de-la-tele","tag-paris-premiere","has-post-title","has-post-date","has-post-category","has-post-tag","has-post-comment","has-post-author",""],"builder_content":"","_links":{"self":[{"href":"https:\/\/stanetdam.com\/index.php?rest_route=\/wp\/v2\/posts\/7321","targetHints":{"allow":["GET"]}}],"collection":[{"href":"https:\/\/stanetdam.com\/index.php?rest_route=\/wp\/v2\/posts"}],"about":[{"href":"https:\/\/stanetdam.com\/index.php?rest_route=\/wp\/v2\/types\/post"}],"author":[{"embeddable":true,"href":"https:\/\/stanetdam.com\/index.php?rest_route=\/wp\/v2\/users\/3"}],"replies":[{"embeddable":true,"href":"https:\/\/stanetdam.com\/index.php?rest_route=%2Fwp%2Fv2%2Fcomments&post=7321"}],"version-history":[{"count":0,"href":"https:\/\/stanetdam.com\/index.php?rest_route=\/wp\/v2\/posts\/7321\/revisions"}],"wp:attachment":[{"href":"https:\/\/stanetdam.com\/index.php?rest_route=%2Fwp%2Fv2%2Fmedia&parent=7321"}],"wp:term":[{"taxonomy":"category","embeddable":true,"href":"https:\/\/stanetdam.com\/index.php?rest_route=%2Fwp%2Fv2%2Fcategories&post=7321"},{"taxonomy":"post_tag","embeddable":true,"href":"https:\/\/stanetdam.com\/index.php?rest_route=%2Fwp%2Fv2%2Ftags&post=7321"}],"curies":[{"name":"wp","href":"https:\/\/api.w.org\/{rel}","templated":true}]}}