{"id":732,"date":"2008-07-09T07:10:24","date_gmt":"2008-07-09T05:10:24","guid":{"rendered":"http:\/\/www.stanetdam.com\/?p=732"},"modified":"2008-07-09T07:10:24","modified_gmt":"2008-07-09T05:10:24","slug":"la-creation-de-iphone","status":"publish","type":"post","link":"https:\/\/stanetdam.com\/?p=732","title":{"rendered":"INNOVATION &#8211; L&rsquo;histoire de la cr\u00e9ation de l&rsquo;iPhone"},"content":{"rendered":"<p>Si vous n&rsquo;avez plus rien \u00e0 lire sur la plage cet \u00e9t\u00e9, je vous conseille cet article de Florian Innocente, journaliste \u00e9m\u00e9rite \u00e0 <a onclick=\"urchinTracker('\/outgoing\/www.macgeneration.com?referer=http:\/\/www.stanetdam.com\/wp-admin\/edit.php?post_status=future');urchinTracker('\/outgoing\/www.macgeneration.com?referer=http:\/\/www.stanetdam.com\/wp-admin\/post.php?action=edit&amp;post=732&amp;message=4');urchinTracker('\/outgoing\/www.macgeneration.com?referer=http:\/\/www.stanetdam.com\/wp-admin\/post.php?action=edit&amp;post=732&amp;message=4');urchinTracker('\/outgoing\/www.macgeneration.com?referer=http:\/\/www.stanetdam.com\/wp-admin\/post-new.php');\" href=\"http:\/\/www.macgeneration.com\" target=\"_blank\" rel=\"noopener noreferrer\">MacG\u00e9n\u00e9ration<\/a>, qui nous raconte l&rsquo;histoire de la g\u00e9n\u00e8se de l&rsquo;iPhone, de l&rsquo;\u00e9tincelle \u00e0 la mise sur le march\u00e9&#8230;<\/p>\n<address><a onclick=\"urchinTracker('\/outgoing\/www.macgeneration.com\/news\/voir\/128417\/wired-raconte-la-creation-de-l-iphone\/?referer=http:\/\/www.stanetdam.com\/wp-admin\/edit.php?post_status=future');urchinTracker('\/outgoing\/www.macgeneration.com\/news\/voir\/128417\/wired-raconte-la-creation-de-l-iphone\/?referer=http:\/\/www.stanetdam.com\/wp-admin\/post.php?action=edit&amp;post=732&amp;message=4');urchinTracker('\/outgoing\/www.macgeneration.com\/news\/voir\/128417\/wired-raconte-la-creation-de-l-iphone\/?referer=http:\/\/www.stanetdam.com\/wp-admin\/post.php?action=edit&amp;post=732&amp;message=4');urchinTracker('\/outgoing\/www.macgeneration.com\/news\/voir\/128417\/wired-raconte-la-creation-de-l-iphone\/?referer=http:\/\/www.stanetdam.com\/wp-admin\/post-new.php');\" href=\"http:\/\/www.macgeneration.com\/news\/voir\/128417\/wired-raconte-la-creation-de-l-iphone\/\" target=\"_blank\" rel=\"noopener noreferrer\">Vous avez demand\u00e9 une r\u00e9volution <\/a>? Ne quittez pas&#8230;<\/address>\n<address> <\/address>\n<address><img loading=\"lazy\" decoding=\"async\" class=\"centered\" src=\"http:\/\/blogs.reuters.com\/wp-content\/uploads\/2007\/01\/genImage.aspx5.jpg\" alt=\"\" width=\"392\" height=\"285\" \/><\/address>\n<address style=\"text-align: center;\">Mais non, je ne te pr\u00e9f\u00e8re pas \u00e0 iPod, promis&#8230;<\/address>\n<div id=\"themify_builder_content-732\" data-postid=\"732\" class=\"themify_builder_content themify_builder_content-732 themify_builder\">\n    <\/div>\n<!-- \/themify_builder_content -->\n","protected":false},"excerpt":{"rendered":"<p>Si vous n&rsquo;avez plus rien \u00e0 lire sur la plage cet \u00e9t\u00e9, je vous conseille cet article de Florian Innocente, journaliste \u00e9m\u00e9rite \u00e0 MacG\u00e9n\u00e9ration, qui nous raconte l&rsquo;histoire de la g\u00e9n\u00e8se de l&rsquo;iPhone, de l&rsquo;\u00e9tincelle \u00e0 la mise sur le march\u00e9&#8230; Vous avez demand\u00e9 une r\u00e9volution ? Ne quittez pas&#8230; Mais non, je ne te [&hellip;]<\/p>\n","protected":false},"author":3,"featured_media":0,"comment_status":"open","ping_status":"open","sticky":false,"template":"","format":"standard","meta":{"footnotes":""},"categories":[3],"tags":[256,1787,1899,1912,2296,3620],"class_list":["post-732","post","type-post","status-publish","format-standard","hentry","category-sd-usages","tag-apple","tag-idee","tag-iphone","tag-iphone-orange","tag-mac","tag-steve-jobs","has-post-title","has-post-date","has-post-category","has-post-tag","has-post-comment","has-post-author",""],"builder_content":"","_links":{"self":[{"href":"https:\/\/stanetdam.com\/index.php?rest_route=\/wp\/v2\/posts\/732","targetHints":{"allow":["GET"]}}],"collection":[{"href":"https:\/\/stanetdam.com\/index.php?rest_route=\/wp\/v2\/posts"}],"about":[{"href":"https:\/\/stanetdam.com\/index.php?rest_route=\/wp\/v2\/types\/post"}],"author":[{"embeddable":true,"href":"https:\/\/stanetdam.com\/index.php?rest_route=\/wp\/v2\/users\/3"}],"replies":[{"embeddable":true,"href":"https:\/\/stanetdam.com\/index.php?rest_route=%2Fwp%2Fv2%2Fcomments&post=732"}],"version-history":[{"count":0,"href":"https:\/\/stanetdam.com\/index.php?rest_route=\/wp\/v2\/posts\/732\/revisions"}],"wp:attachment":[{"href":"https:\/\/stanetdam.com\/index.php?rest_route=%2Fwp%2Fv2%2Fmedia&parent=732"}],"wp:term":[{"taxonomy":"category","embeddable":true,"href":"https:\/\/stanetdam.com\/index.php?rest_route=%2Fwp%2Fv2%2Fcategories&post=732"},{"taxonomy":"post_tag","embeddable":true,"href":"https:\/\/stanetdam.com\/index.php?rest_route=%2Fwp%2Fv2%2Ftags&post=732"}],"curies":[{"name":"wp","href":"https:\/\/api.w.org\/{rel}","templated":true}]}}