{"id":7290,"date":"2011-12-12T08:00:40","date_gmt":"2011-12-12T07:00:40","guid":{"rendered":"http:\/\/www.stanetdam.com\/?p=7290"},"modified":"2011-12-12T08:00:40","modified_gmt":"2011-12-12T07:00:40","slug":"test-moncoursphoto-fr-ou-comment-maitriser-ses-reflexes","status":"publish","type":"post","link":"https:\/\/stanetdam.com\/?p=7290","title":{"rendered":"Test : moncoursphoto.fr, ou comment maitriser ses reflex(es)"},"content":{"rendered":"<p style=\"text-align: center;\"><img loading=\"lazy\" decoding=\"async\" class=\"aligncenter\" title=\"Mon Cours Photo\" src=\"http:\/\/www.cours-photographie.fr\/wp-content\/themes\/Equilibrium2\/images\/logo11nov10.jpg\" alt=\"\" width=\"392\" height=\"329\" \/><\/p>\n<p>Samedi 10 d\u00e9cembre, bravant le froid \u00e0 l&rsquo;invitation de l&rsquo;agence <a href=\"http:\/\/www.youtoyou.fr\">You to You<\/a>, j&rsquo;allais arm\u00e9 de mon Canon 450D arpenter les all\u00e9es des jardins du Palais Royal pour tester l&rsquo;un des <a href=\"http:\/\/www.moncoursphoto.fr\">stages de photographie<\/a> que l&rsquo;on trouve sur Paris, moncoursphoto.fr.<\/p>\n<p>Pourquoi aller tester un cours photo ? Plusieurs raisons \u00e0 cela :<\/p>\n<p>&#8211; apprendre \u00e0 bien jouer avec mon reflex (je suis bien moins bon que Stan techniquement, et \u00a0j&rsquo;avais envie de pousser mes connaissances)<\/p>\n<p>&#8211; comparer avec un autre cours photo que je m&rsquo;\u00e9tais offert personnellement et qui m&rsquo;avait assez d\u00e9\u00e7u (voir plus bas)<\/p>\n<p>&#8211; me faire une id\u00e9e pour un \u00e9ventuel cadeau de No\u00ebl de ce qui est propos\u00e9<\/p>\n<p><del>&#8211; voir \u00e0 quoi ressemble un journaliste de TF1 venus filmer un sujet sur les blogueurs<\/del><\/p>\n<h3>A vrai dire, j&rsquo;\u00e9tais pas chaud<\/h3>\n<p>J&rsquo;ai d\u00e9j\u00e0 eu affaire avec ce type de cours, et j&rsquo;ai \u00e9t\u00e9 d\u00e9\u00e7u. J&rsquo;avais eu l&rsquo;occasion de tester <a href=\"http:\/\/www.enseignemoilaphoto.com\/\">Enseigne moi la photo<\/a> via un cours de photo de nuit que je m&rsquo;\u00e9tais offert.<\/p>\n<p>Sur le papier, un cours de qualit\u00e9 \u00e0 195\u20ac avec un photographe italien \u00ab\u00a0de renomm\u00e9e\u00a0internationale\u00a0\u00bb avec la description suivante :\u00a0<em>Apr\u00e8s une le\u00e7on de th\u00e9orie dans nos ateliers situ\u00e9s sur les Champs Elys\u00e9es, partez arpenter les quartiers parisiens \u00e0 la recherche de clich\u00e9s surr\u00e9alistes. Cette soir\u00e9e artistique se poursuivra dans nos locaux pour une s\u00e9ance de d\u00e9briefing en compagnie de Mirco Braccini, photographe internationale pour LVMH, ayant publi\u00e9 ses photos dans les plus grands magazines de mode (Vogue, GQ, Cosmopolitan&#8230;). Vous pourrez alors analyser vos photos et partager vos impressions, dans une ambiance conviviale.<\/em><\/p>\n<p>Dans les faits, un briefing exp\u00e9di\u00e9 en 30 minutes avec le \u00ab\u00a0maitre\u00a0\u00bb, puis nous f\u00fbmes lach\u00e9s dans la nature \u00e0 prendre des photos de nuit comme l&rsquo;on pouvait (la personne qui nous accompagnait nous donnait quelques conseils mais rien de plus). Finalement, la session de debriefing du lendemain, faites par un photographe tr\u00e8s sympa et p\u00e9dagogique, nous permis de mieux maitriser&#8230; Photoshop.<\/p>\n<p>A ce prix (attention, cet \u00e9tablissement se donne des airs \u00ab\u00a0luxueux\u00a0\u00bb mais pratique tr\u00e8s fr\u00e9quemment des discounts sur Groupon ou avec des CE) on pouvait s&rsquo;attendre \u00e0 mieux d&rsquo;un photographe mondialement connu avec ses bureaux pr\u00e8s des Champs-Elys\u00e9es&#8230;<\/p>\n<h3>Finalement, j&rsquo;y suis all\u00e9<\/h3>\n<p>Apr\u00e8s tout, \u00eatre invit\u00e9 pour tester un autre prestataire photo, pourquoi pas, cela pourrait me permettre de comparer. Et l\u00e0, tout change : Valentina (d\u00e9cid\u00e9ment\u00a0que d&rsquo;italiens dans la photo \u00e0 Paris :-)) est <strong>attentive, tr\u00e8s p\u00e9dagogue et surtout tr\u00e8s pointue. On sent la passionn\u00e9e derri\u00e8re ses explications.<\/strong> Tout question donne lieu \u00e0 une r\u00e9ponse claire et pr\u00e9cise, assortie d&rsquo;astuces.<\/p>\n<p>Le brief dure un bon moment, bien 45 minutes, puis d\u00e9part dans les jardins du Palais Royal. Objectif : travailler la profondeur de champ (le \u00ab\u00a0flou\u00a0\u00bb du second plan) et apprivoiser le couple diaphragme \/ vitesse selon les sujets et conditions de prises de photo.<\/p>\n<p style=\"text-align: center;\"><img loading=\"lazy\" decoding=\"async\" class=\"aligncenter\" style=\"border-style: initial; border-color: initial; border-width: 0px;\" title=\"IMG_5054_small.JPG\" src=\"\/wp-content\/uploads\/stanetdamv3\/IMG_5054_small.JPG\" alt=\"IMG_5054_small.JPG\" width=\"640\" height=\"426\" border=\"0\" \/><\/p>\n<p style=\"text-align: left;\">Les exercices ne sont pas trop longs, et surtout Valentina et Alexandra (la cr\u00e9atrice de la soci\u00e9t\u00e9) sont l\u00e0 pour nous donner de bons conseils. On bouge tr\u00e8s vite dans Paris, direction une des galleries qui se cachent dans les Capitale pour travailler la composition et surtout la maitrise du flash dans des endroits aux lumi\u00e8res contrast\u00e9es, sans flout\u00e9.<\/p>\n<p style=\"text-align: center;\"><img loading=\"lazy\" decoding=\"async\" class=\"aligncenter\" style=\"border-style: initial; border-color: initial; border-width: 0px;\" title=\"IMG_5104_small.JPG\" src=\"\/wp-content\/uploads\/stanetdamv3\/IMG_5104_small.JPG\" alt=\"IMG_5104_small.JPG\" width=\"640\" height=\"426\" border=\"0\" \/><\/p>\n<p style=\"text-align: left;\">\u00a0Enfin, derri\u00e8re \u00e9tape de l&rsquo;apr\u00e8s-midi, un exercice de maitrise de la vitesse sur v\u00e9hicules en mouvement, avec pour objectif la maitrise de la technique permettant de figer un objet en mouvement (ici, une superbe Alfa d&rsquo;\u00e9poque) tout en donnant un effet \u00ab\u00a0fil\u00e9\u00a0\u00bb au reste de la sc\u00e8ne. Puis direction la s\u00e9ance de debrief dans l&rsquo;atelier tr\u00e8s convivial d&rsquo;Alexandra (ici les chocolats et le cappucino remplacent les luxueuses hauteurs sous plafond).<\/p>\n<p style=\"text-align: center;\"><img loading=\"lazy\" decoding=\"async\" class=\"aligncenter\" style=\"border-style: initial; border-color: initial; border-width: 0px;\" title=\"IMG_5124_small.JPG\" src=\"\/wp-content\/uploads\/stanetdamv3\/IMG_5124_small.JPG\" alt=\"IMG_5124_small.JPG\" width=\"640\" height=\"426\" border=\"0\" \/><\/p>\n<h3 style=\"text-align: left;\">Verdict : une ambiance conviviale et tr\u00e8s pro<\/h3>\n<p style=\"text-align: left;\">M\u00eame si ce cours \u00e9tait assez exceptionnel dans les th\u00e8mes abord\u00e9s (on a vraiment eu un cours sur mesure de la part de Valentina) et son occasion (mettre en lumi\u00e8re les rapports marques et blogueurs pour un reportage de TF1), <strong>j&rsquo;ai ressenti une sinc\u00e9rit\u00e9, de la passion, de la proximit\u00e9 et du professionnalisme<\/strong> de la part de l&rsquo;\u00e9quipe de <a href=\"http:\/\/www.moncoursdephoto.fr\">Mon cours de photo<\/a>.<\/p>\n<p style=\"text-align: left;\">Clairement, j&rsquo;ai plus appris en 4 heures qu&rsquo;en lisant des livres (ce que j&rsquo;avais fait) et en pratiquant maladroitement en\u00a0t\u00e2tonnant. Alors, certes, je n&rsquo;ai jamais pratiqu\u00e9 les fameuses <a href=\"http:\/\/www.lense.fr\/lenseparty\/\">Lenses parties<\/a> dont une grande partie de mes amis blogueurs photographes sont issus et dont j&rsquo;ai entendu le plus grand bien.<\/p>\n<p style=\"text-align: left;\">Mais pour une id\u00e9e cadeau (pour soi ou quelqu&rsquo;un d&rsquo;autre) accessible (les prix commencent \u00e0 79\u20ac pour un cours et 66\u20ac en \u00ab\u00a0pack\u00a0\u00bb) <strong>je recommande chaudement cet \u00e9tablissement.<\/strong><\/p>\n<p style=\"text-align: left;\">Je n&rsquo;ai bien sur que la vision partielle de cette exp\u00e9rience, si vous en avez d&rsquo;autres \u00e0 recommander n&rsquo;h\u00e9sitez pas dans les commentaires ou via twitter ou Facebook !<\/p>\n<p style=\"text-align: left;\">PS : si vous voyez un type qui me ressemble mardi ou mercredi soir au 20h de TF1 parler des marques et des blogueurs, c&rsquo;est normal&#8230;<\/p>\n<p style=\"text-align: left;\">\n<p style=\"text-align: left;\">EDIT de STAN:<\/p>\n<p>J\u2019\u00e9tais aussi pr\u00e9sent \u00e0 ce cours de Photo. Je confirme bien ce qu\u2019\u00e9crit Damien. On sent une vraie passion de la photo de la part de l&rsquo;\u00e9quipe. Valentina a \u00e9t\u00e9 tr\u00e8s patiente (et sympathique) avec nous et a su s&rsquo;adapter \u00e0 un niveau plus ou moins disparate (pour vous la faire courte je suis assez bon en th\u00e9orie et pratique photo mais je trouve mes photos &#8230;moches &#8211; je n&rsquo;ai pas d\u2019\u0153il comme ils disent).<br \/>\nJ&rsquo;avais moi aussi pris des cours de photo il y a 2 ans (merci @caroline pour le cadeau) avec jeveuxetrephotographe.com. Je dois avouer que les cours n\u2019\u00e9taient pas si mal. Moncoursphoto.fr \u00e9tait plus convivial parce que nous \u00e9tions moins nombreux et \u00ab\u00a0choy\u00e9s\u00a0\u00bb.<br \/>\nUne tr\u00e8s bonne exp\u00e9rience ou j&rsquo;ai pu encore apprendre plein de chose (particuli\u00e8rement sur le flash; merci Valentina). Perso, je recommanderais moncoursphoto.fr \u00e0 mes amis d\u00e9butants et de niveau moyen.<\/p>\n<div id=\"themify_builder_content-7290\" data-postid=\"7290\" class=\"themify_builder_content themify_builder_content-7290 themify_builder\">\n    <\/div>\n<!-- \/themify_builder_content -->\n","protected":false},"excerpt":{"rendered":"<p>Samedi 10 d\u00e9cembre, bravant le froid \u00e0 l&rsquo;invitation de l&rsquo;agence You to You, j&rsquo;allais arm\u00e9 de mon Canon 450D arpenter les all\u00e9es des jardins du Palais Royal pour tester l&rsquo;un des stages de photographie que l&rsquo;on trouve sur Paris, moncoursphoto.fr. Pourquoi aller tester un cours photo ? Plusieurs raisons \u00e0 cela : &#8211; apprendre \u00e0 [&hellip;]<\/p>\n","protected":false},"author":3,"featured_media":0,"comment_status":"open","ping_status":"open","sticky":false,"template":"","format":"standard","meta":{"footnotes":""},"categories":[4],"tags":[897,2951,2955,3588],"class_list":["post-7290","post","type-post","status-publish","format-standard","hentry","category-sd-dossier","tag-cours-de-photo","tag-photo","tag-photographie","tag-stage-de-photo","has-post-title","has-post-date","has-post-category","has-post-tag","has-post-comment","has-post-author",""],"builder_content":"","_links":{"self":[{"href":"https:\/\/stanetdam.com\/index.php?rest_route=\/wp\/v2\/posts\/7290","targetHints":{"allow":["GET"]}}],"collection":[{"href":"https:\/\/stanetdam.com\/index.php?rest_route=\/wp\/v2\/posts"}],"about":[{"href":"https:\/\/stanetdam.com\/index.php?rest_route=\/wp\/v2\/types\/post"}],"author":[{"embeddable":true,"href":"https:\/\/stanetdam.com\/index.php?rest_route=\/wp\/v2\/users\/3"}],"replies":[{"embeddable":true,"href":"https:\/\/stanetdam.com\/index.php?rest_route=%2Fwp%2Fv2%2Fcomments&post=7290"}],"version-history":[{"count":0,"href":"https:\/\/stanetdam.com\/index.php?rest_route=\/wp\/v2\/posts\/7290\/revisions"}],"wp:attachment":[{"href":"https:\/\/stanetdam.com\/index.php?rest_route=%2Fwp%2Fv2%2Fmedia&parent=7290"}],"wp:term":[{"taxonomy":"category","embeddable":true,"href":"https:\/\/stanetdam.com\/index.php?rest_route=%2Fwp%2Fv2%2Fcategories&post=7290"},{"taxonomy":"post_tag","embeddable":true,"href":"https:\/\/stanetdam.com\/index.php?rest_route=%2Fwp%2Fv2%2Ftags&post=7290"}],"curies":[{"name":"wp","href":"https:\/\/api.w.org\/{rel}","templated":true}]}}