{"id":7276,"date":"2011-12-06T13:23:00","date_gmt":"2011-12-06T12:23:00","guid":{"rendered":"http:\/\/www.stanetdam.com\/?p=7276"},"modified":"2011-12-06T13:23:00","modified_gmt":"2011-12-06T12:23:00","slug":"leweb-11-jy-serai-et-ce-nest-de-tout-repos","status":"publish","type":"post","link":"https:\/\/stanetdam.com\/?p=7276","title":{"rendered":"LeWeb 11, j&rsquo;y serai (et ce n&rsquo;est de tout repos)"},"content":{"rendered":"<p>J&rsquo;ai le plaisir, l&rsquo;honneur et la lourde t\u00e2che d&rsquo;\u00eatre blogueur officiel \u00e0 LeWeb pour la deuxi\u00e8me ann\u00e9e, et ainsi de suivre l&rsquo;int\u00e9gralit\u00e9 de la conf\u00e9rence qui, cette ann\u00e9e, s&rsquo;\u00e9talera sur 3 jours (j&rsquo;ai pens\u00e9 \u00e0 mon sac de couchage).<\/p>\n<p>Mais pour cela, il faut s&rsquo;y pr\u00e9parer mentalement et physiquement. je vous ai r\u00e9sum\u00e9 tout cela en images :<\/p>\n<p style=\"text-align: center;\">[youtube O8G7v9rCOAg]<\/p>\n<h3 style=\"text-align: left;\">Les 4 moments cl\u00e9s de leWeb 11<\/h3>\n<p style=\"text-align: left;\">C&rsquo;est Frenchweb qui le dit, et je partage leur point de vue :<\/p>\n<p><strong>1. Ouverture de la conf\u00e9rence avec Karl Lagerfeld en guest-star<\/strong>.\u00a0Pour cette 8\u00e8me \u00e9dition, Karl Lagerfeld ouvrira les festivit\u00e9s. Le couturier animera, en effet, la premi\u00e8re conf\u00e9rence de ce rendez-vous annuel. Il s\u2019exprimera sur le march\u00e9 du web et de ses synergies avec le monde de la mode. Rendez-vous donc mercredi 7 d\u00e9cembre \u00e0 10h20 dans la salle pl\u00e9ni\u00e8re.<\/p>\n<p><strong>2. Les speakers les plus attendus\u00a0<\/strong><\/p>\n<ul>\n<li>Mike McCue (Flipboard),\u00a0mercredi\u00a07 d\u00e9cembre \u00e0 11h55.<\/li>\n<li>Eric Schmidt (Google), mercredi 7 d\u00e9cembre \u00e0 14h00.<\/li>\n<li>Joanna Shields (Facebook), mercredi 7 d\u00e9cembre \u00e0\u00a015h00.<\/li>\n<li>Axel Dauchez (Deezer),mercredi 7 d\u00e9cembre \u00e0 15h20.<\/li>\n<li>Kevin Systrom (Instagram), mercredi 7 d\u00e9cembre \u00e0 15h45.<\/li>\n<li>Allen Blue (LinkedIn), mercerdi 7 d\u00e9cembre \u00e0 16h05.<\/li>\n<li>Dennis Crowley (Foursquare),\u00a0mercredi\u00a07 d\u00e9cembre \u00e0 16h25.<\/li>\n<li>Phil Libin (Evernote), jeudi 8 d\u00e9cembre \u00e0 10h20.<\/li>\n<li>Daniel Ek (Spotify), vendredi 9 d\u00e9cembre\u00a0\u00e0 10h55.<\/li>\n<li>Sean Parker (Napster et premier actionnaire de Facebook), vendredi 9 d\u00e9cembre \u00e0 10h55.<\/li>\n<\/ul>\n<p><strong>3. La soir\u00e9e Deezer au\u00a0Carrousel\u00a0du Louvre.\u00a0<\/strong>Jeudi, de 22h \u00e0 2h du matin, une soir\u00e9e organis\u00e9e par Deezer se\u00a0tiendra\u00a0au Carrousel du Louvre. N\u2019oubliez pas vos badges, indispensables pour y acc\u00e9der.<\/p>\n<p><strong>4. La remise des prix de la Startup Competition. \u00a0<\/strong>Vendredi, \u00e0 partir de 15h00, les 3 finalistes retenus pour la\u00a0<a href=\"http:\/\/frenchweb.fr\/ouverture-de-la-competition-startup-du-web11\/\" target=\"_blank\" rel=\"noopener noreferrer\">Startup competition<\/a>, pictheront leur projet devant un jury, compos\u00e9 notamment de\u00a0Jacques-Antoine Granjon,\u00a0Pierre Kosciuscko Morizet,\u00a0Xavier Niel, ou encore Marc Simoncini. La c\u00e9r\u00e9monie de remise des prix se d\u00e9roulera d\u00e8s 15h45.\u00a0<a href=\"http:\/\/leweb.net\/2011\/agenda\/startup-competition\" target=\"_blank\" rel=\"noopener noreferrer\">Voir la liste des 16 s\u00e9lectionn\u00e9s<\/a>.<\/p>\n<h3><span class=\"Apple-style-span\" style=\"font-size: 15px;\">Pour suivre l&rsquo;\u00e9v\u00e8nement<\/span><\/h3>\n<p>Le\u00a0<a href=\"http:\/\/leweb.net\/program\" target=\"_blank\" rel=\"noopener noreferrer\">programme<\/a>\u00a0des streams est disponible, et c&rsquo;est tr\u00e8s tr\u00e8s dense.<\/p>\n<p>Le streaming Live est accessible sur 3 canaux s\u00e9par\u00e9s :<\/p>\n<ul>\n<li><a title=\"UStream LeWeb\" href=\"http:\/\/www.ustream.tv\/leweb\" target=\"_blank\" rel=\"noopener noreferrer\">UStream LeWeb<\/a><\/li>\n<li><a title=\"UStream LeWeb StartUp Competition\" href=\"http:\/\/www.ustream.tv\/channel\/le-web-startup-competition\" target=\"_blank\" rel=\"noopener noreferrer\">UStream LeWeb StartUp Competition<\/a><\/li>\n<li><a title=\"Ustream LeWeb mobile\" href=\"http:\/\/www.ustream.tv\/lewebmobile\" target=\"_blank\" rel=\"noopener noreferrer\">UStream LeWeb Mobile<\/a><\/li>\n<\/ul>\n<p>Sans oublier\u00a0<a href=\"https:\/\/www.facebook.com\/leweb\">Facebook<\/a>\u00a0et\u00a0<a href=\"https:\/\/twitter.com\/#!\/leweb\" target=\"_blank\" rel=\"noopener noreferrer\">Twitter<\/a>.\u00a0<strong>L<\/strong>a liste Twitter\u00a0<a href=\"https:\/\/twitter.com\/#!\/FredCozic\/ob-leweb-11\/members\" target=\"_blank\" rel=\"noopener noreferrer\">des Official Bloggers<\/a>\u00a0est aussi disponible.<\/p>\n<p>Mais il y a aussi :<\/p>\n<p><a href=\"http:\/\/www.radionomy.com\/en\/radio\/lewebradio\">LeWeb Radio\u00a0<\/a><\/p>\n<p><a href=\"http:\/\/www.ustream.tv\/lewebmobile\">LeWeb TV\u00a0<\/a><\/p>\n<p>Le <a href=\"http:\/\/leweb11.francetv.fr\/\">blog \u00e9v\u00e8nement <\/a>de France T\u00e9l\u00e9visions qui regroupera des articles de 7 blogueurs accr\u00e9dit\u00e9s par leurs soins.<\/p>\n<p>Sans oublier Orange qui aura aussi son \u00e9quipe de <a href=\"http:\/\/live.orange.com\/fr\/follow-orange-bloggers-team-leweb\/\" target=\"_blank\" rel=\"noopener noreferrer\">blogueurs internationaux<\/a>.<\/p>\n<p>Bref vous pensiez y \u00e9chapper ? N&rsquo;y pensez m\u00eame pas&#8230;<\/p>\n<h3>On se rencontre ?<\/h3>\n<p>Je serai sur place, pour me joindre vous avez mon <a href=\"http:\/\/www.twitter.com\/damiendouani\" target=\"_blank\" rel=\"noopener noreferrer\">twitter<\/a>, ma <a href=\"http:\/\/www.damiendouani.com\" target=\"_blank\" rel=\"noopener noreferrer\">page perso<\/a>, mon <a href=\"http:\/\/www.facebook.com\/damiendouani\" target=\"_blank\" rel=\"noopener noreferrer\">facebook<\/a>, et ce blog bien sur pour suivre mes aventures et me contacter si vous avez envie de me rencontrer sur place.<\/p>\n<div id=\"themify_builder_content-7276\" data-postid=\"7276\" class=\"themify_builder_content themify_builder_content-7276 themify_builder\">\n    <\/div>\n<!-- \/themify_builder_content -->\n","protected":false},"excerpt":{"rendered":"<p>J&rsquo;ai le plaisir, l&rsquo;honneur et la lourde t\u00e2che d&rsquo;\u00eatre blogueur officiel \u00e0 LeWeb pour la deuxi\u00e8me ann\u00e9e, et ainsi de suivre l&rsquo;int\u00e9gralit\u00e9 de la conf\u00e9rence qui, cette ann\u00e9e, s&rsquo;\u00e9talera sur 3 jours (j&rsquo;ai pens\u00e9 \u00e0 mon sac de couchage). Mais pour cela, il faut s&rsquo;y pr\u00e9parer mentalement et physiquement. je vous ai r\u00e9sum\u00e9 tout cela [&hellip;]<\/p>\n","protected":false},"author":3,"featured_media":0,"comment_status":"open","ping_status":"open","sticky":false,"template":"","format":"standard","meta":{"footnotes":""},"categories":[3],"tags":[471,2201,2202,2258],"class_list":["post-7276","post","type-post","status-publish","format-standard","hentry","category-sd-usages","tag-blogueur-officiel","tag-leweb","tag-leweb-11","tag-loic-le-meur","has-post-title","has-post-date","has-post-category","has-post-tag","has-post-comment","has-post-author",""],"builder_content":"","_links":{"self":[{"href":"https:\/\/stanetdam.com\/index.php?rest_route=\/wp\/v2\/posts\/7276","targetHints":{"allow":["GET"]}}],"collection":[{"href":"https:\/\/stanetdam.com\/index.php?rest_route=\/wp\/v2\/posts"}],"about":[{"href":"https:\/\/stanetdam.com\/index.php?rest_route=\/wp\/v2\/types\/post"}],"author":[{"embeddable":true,"href":"https:\/\/stanetdam.com\/index.php?rest_route=\/wp\/v2\/users\/3"}],"replies":[{"embeddable":true,"href":"https:\/\/stanetdam.com\/index.php?rest_route=%2Fwp%2Fv2%2Fcomments&post=7276"}],"version-history":[{"count":0,"href":"https:\/\/stanetdam.com\/index.php?rest_route=\/wp\/v2\/posts\/7276\/revisions"}],"wp:attachment":[{"href":"https:\/\/stanetdam.com\/index.php?rest_route=%2Fwp%2Fv2%2Fmedia&parent=7276"}],"wp:term":[{"taxonomy":"category","embeddable":true,"href":"https:\/\/stanetdam.com\/index.php?rest_route=%2Fwp%2Fv2%2Fcategories&post=7276"},{"taxonomy":"post_tag","embeddable":true,"href":"https:\/\/stanetdam.com\/index.php?rest_route=%2Fwp%2Fv2%2Ftags&post=7276"}],"curies":[{"name":"wp","href":"https:\/\/api.w.org\/{rel}","templated":true}]}}