{"id":7160,"date":"2011-09-26T21:16:34","date_gmt":"2011-09-26T19:16:34","guid":{"rendered":"http:\/\/www.stanetdam.com\/ios-5-sortirait-le-10-octobre-l%e2%80%99iphone-5-le-14-mais-il-y-aurait-toujours-un-evenement-apple-le-4-octobre\/"},"modified":"2011-09-26T21:16:34","modified_gmt":"2011-09-26T19:16:34","slug":"ios-5-sortirait-le-10-octobre-liphone-5-le-14-mais-il-y-aurait-toujours-un-evenement-apple-le-4-octobre","status":"publish","type":"post","link":"https:\/\/stanetdam.com\/?p=7160","title":{"rendered":"iOS 5 sortirait le 10 Octobre, l\u2019iPhone 5 le 14, mais il y aurait toujours un \u00e9v\u00e9nement Apple le 4 octobre"},"content":{"rendered":"<p>\n<span style=\"font-style: italic; color: rgb(153, 153, 153);\"><\/p>\n<p> Sur AppleInsider, on peut lire qu\u2019Apple a refus\u00e9 les prises de vacances durant la deuxi\u00e8me semaine du mois d\u2019Octobre, expliquant que l\u2019entreprise s\u2019attend \u00e0 un afflux de clients dans ses magasins vers cette date \u00e0 cause notamment de la mise \u00e0 disposition de iOS5 ainsi que la nouvelle g\u00e9n\u00e9ration d\u2019iPhones. Plus pr\u00e9cis\u00e9ment, ce serait du 9 au 14 ou 15 octobre que les employ\u00e9s d\u2019Apple ne pourraient pas prendre de vacances (les magasins d\u2019Apple en Grande Bretagne doivent bloquer leurs deux premi\u00e8res semaines d\u2019octobre) La premi\u00e8re tranche de dates correspondrait au lancement d\u2019iOS5, car Apple a inform\u00e9 AppleCare de s\u2019attendre \u00e0 un afflux de clients venant voir le support (et d\u2019appels t\u00e9l\u00e9phoniques) \u00e0 partir du 10 octobre. Et bizarrement, Twitter a annonc\u00e9 son \u00e9v\u00e9nement developer \u00e0 Londres \u00e0 la m\u00eame date (rappel : iOS5 est profond\u00e9ment int\u00e9gr\u00e9 \u00e0 Twitter !). <\/p>\n<p><\/span><br \/>\nLire l&rsquo;article original ici:<br \/>\n<a target=\"_blank\" href=\"http:\/\/www.abricocotier.fr\/15757-ios-5-10-octobre-iphone-5-14-octobre\" title=\"iOS 5 sortirait le 10 Octobre, l\u2019iPhone 5 le 14, mais il y aurait toujours un \u00e9v\u00e9nement Apple le 4 octobre\" rel=\"noopener noreferrer\">iOS 5 sortirait le 10 Octobre, l\u2019iPhone 5 le 14, mais il y aurait toujours un \u00e9v\u00e9nement Apple le 4 octobre<\/a><br \/>\nArticle issu de la veille quotidienne de Stan&#038;Dam.<\/p>\n<div id=\"themify_builder_content-7160\" data-postid=\"7160\" class=\"themify_builder_content themify_builder_content-7160 themify_builder\">\n    <\/div>\n<!-- \/themify_builder_content -->\n","protected":false},"excerpt":{"rendered":"<p> Sur AppleInsider, on peut lire qu\u2019Apple a refus\u00e9 les prises de vacances durant la deuxi\u00e8me semaine du mois d\u2019Octobre, expliquant que l\u2019entreprise s\u2019attend \u00e0 un afflux de clients dans ses magasins vers cette date \u00e0 cause notamment de la mise \u00e0 disposition de iOS5 ainsi que la nouvelle g\u00e9n\u00e9ration d\u2019iPhones. Plus pr\u00e9cis\u00e9ment, ce serait du 9 au 14 ou 15 octobre que les employ\u00e9s d\u2019Apple ne pourraient pas prendre de vacances (les magasins d\u2019Apple en Grande Bretagne doivent bloquer leurs deux premi\u00e8res semaines d\u2019octobre) La premi\u00e8re tranche de dates correspondrait au lancement d\u2019iOS5, car Apple a inform\u00e9 AppleCare de s\u2019attendre \u00e0 un afflux de clients venant voir le support (et d\u2019appels t\u00e9l\u00e9phoniques) \u00e0 partir du 10 octobre. Et bizarrement, Twitter a annonc\u00e9 son \u00e9v\u00e9nement developer \u00e0 Londres \u00e0 la m\u00eame date (rappel : iOS5 est profond\u00e9ment int\u00e9gr\u00e9 \u00e0 Twitter !). <\/p>\n","protected":false},"author":2,"featured_media":0,"comment_status":"open","ping_status":"open","sticky":false,"template":"","format":"standard","meta":{"footnotes":""},"categories":[6],"tags":[597,668,1064,1439,1617,1640,2497,2712,3176,3591,4015],"class_list":["post-7160","post","type-post","status-publish","format-standard","hentry","category-liens-automatiques","tag-calendrier","tag-ces","tag-disposition","tag-francisco","tag-google-reader","tag-grande","tag-mise","tag-nouvelle","tag-ration","tag-stan","tag-veille","has-post-title","has-post-date","has-post-category","has-post-tag","has-post-comment","has-post-author",""],"builder_content":"","_links":{"self":[{"href":"https:\/\/stanetdam.com\/index.php?rest_route=\/wp\/v2\/posts\/7160","targetHints":{"allow":["GET"]}}],"collection":[{"href":"https:\/\/stanetdam.com\/index.php?rest_route=\/wp\/v2\/posts"}],"about":[{"href":"https:\/\/stanetdam.com\/index.php?rest_route=\/wp\/v2\/types\/post"}],"author":[{"embeddable":true,"href":"https:\/\/stanetdam.com\/index.php?rest_route=\/wp\/v2\/users\/2"}],"replies":[{"embeddable":true,"href":"https:\/\/stanetdam.com\/index.php?rest_route=%2Fwp%2Fv2%2Fcomments&post=7160"}],"version-history":[{"count":0,"href":"https:\/\/stanetdam.com\/index.php?rest_route=\/wp\/v2\/posts\/7160\/revisions"}],"wp:attachment":[{"href":"https:\/\/stanetdam.com\/index.php?rest_route=%2Fwp%2Fv2%2Fmedia&parent=7160"}],"wp:term":[{"taxonomy":"category","embeddable":true,"href":"https:\/\/stanetdam.com\/index.php?rest_route=%2Fwp%2Fv2%2Fcategories&post=7160"},{"taxonomy":"post_tag","embeddable":true,"href":"https:\/\/stanetdam.com\/index.php?rest_route=%2Fwp%2Fv2%2Ftags&post=7160"}],"curies":[{"name":"wp","href":"https:\/\/api.w.org\/{rel}","templated":true}]}}