{"id":7148,"date":"2011-09-21T19:23:15","date_gmt":"2011-09-21T17:23:15","guid":{"rendered":"http:\/\/www.stanetdam.com\/al-gore-%c2%ab%c2%a0plusieurs-iphone-de-sortie-en-octobre%c2%a0%c2%bb\/"},"modified":"2011-09-21T19:23:15","modified_gmt":"2011-09-21T17:23:15","slug":"al-gore-plusieurs-iphone-de-sortie-en-octobre","status":"publish","type":"post","link":"https:\/\/stanetdam.com\/?p=7148","title":{"rendered":"Al Gore : \u00ab\u00a0Plusieurs iPhone de sortie en Octobre\u00a0\u00bb"},"content":{"rendered":"<p>\n<span style=\"font-style: italic; color: rgb(153, 153, 153);\"><\/p>\n<p> Al Gore, un des membres du conseil d\u2019administration d\u2019Apple (et accessoirement ex-Vice-pr\u00e9sident des \u00c9tats-Unis), a prononc\u00e9 des propos qui sont tr\u00e8s pr\u00e9cieux puisqu\u2019ils confirment les rumeurs. Le politique a annonc\u00e9 aujourd\u2019hui en Afrique du Sud qu\u2019Apple rel\u00e2chera plusieurs iPhone dans la nature d\u00e8s le mois d\u2019Octobre. Al Gore confirme donc indirectement qu\u2019il y aura bien Lire la suite&#8230; <\/p>\n<p><\/span><br \/>\nLire l&rsquo;article original ici:<br \/>\n<a target=\"_blank\" href=\"http:\/\/feedproxy.google.com\/~r\/Iphoneaddictfr\/~3\/9VbS6Dp-bqs\/news-32760-al-gore-plusieurs-iphone-de-sortie-en-octobre\" title=\"Al Gore : \u00ab\u00a0Plusieurs iPhone de sortie en Octobre\u00a0\u00bb\" rel=\"noopener noreferrer\">Al Gore : \u00ab\u00a0Plusieurs iPhone de sortie en Octobre\u00a0\u00bb<\/a><br \/>\nArticle issu de la veille quotidienne de Stan&#038;Dam.<\/p>\n<div id=\"themify_builder_content-7148\" data-postid=\"7148\" class=\"themify_builder_content themify_builder_content-7148 themify_builder\">\n    <\/div>\n<!-- \/themify_builder_content -->\n","protected":false},"excerpt":{"rendered":"<p> Al Gore, un des membres du conseil d\u2019administration d\u2019Apple (et accessoirement ex-Vice-pr\u00e9sident des \u00c9tats-Unis), a prononc\u00e9 des propos qui sont tr\u00e8s pr\u00e9cieux puisqu\u2019ils confirment les rumeurs. Le politique a annonc\u00e9 aujourd\u2019hui en Afrique du Sud qu\u2019Apple rel\u00e2chera plusieurs iPhone dans la nature d\u00e8s le mois d\u2019Octobre. Al Gore confirme donc indirectement qu\u2019il y aura bien Lire la suite&#8230; <\/p>\n","protected":false},"author":2,"featured_media":0,"comment_status":"open","ping_status":"open","sticky":false,"template":"","format":"standard","meta":{"footnotes":""},"categories":[6],"tags":[],"class_list":["post-7148","post","type-post","status-publish","format-standard","hentry","category-liens-automatiques","has-post-title","has-post-date","has-post-category","has-post-tag","has-post-comment","has-post-author",""],"builder_content":"","_links":{"self":[{"href":"https:\/\/stanetdam.com\/index.php?rest_route=\/wp\/v2\/posts\/7148","targetHints":{"allow":["GET"]}}],"collection":[{"href":"https:\/\/stanetdam.com\/index.php?rest_route=\/wp\/v2\/posts"}],"about":[{"href":"https:\/\/stanetdam.com\/index.php?rest_route=\/wp\/v2\/types\/post"}],"author":[{"embeddable":true,"href":"https:\/\/stanetdam.com\/index.php?rest_route=\/wp\/v2\/users\/2"}],"replies":[{"embeddable":true,"href":"https:\/\/stanetdam.com\/index.php?rest_route=%2Fwp%2Fv2%2Fcomments&post=7148"}],"version-history":[{"count":0,"href":"https:\/\/stanetdam.com\/index.php?rest_route=\/wp\/v2\/posts\/7148\/revisions"}],"wp:attachment":[{"href":"https:\/\/stanetdam.com\/index.php?rest_route=%2Fwp%2Fv2%2Fmedia&parent=7148"}],"wp:term":[{"taxonomy":"category","embeddable":true,"href":"https:\/\/stanetdam.com\/index.php?rest_route=%2Fwp%2Fv2%2Fcategories&post=7148"},{"taxonomy":"post_tag","embeddable":true,"href":"https:\/\/stanetdam.com\/index.php?rest_route=%2Fwp%2Fv2%2Ftags&post=7148"}],"curies":[{"name":"wp","href":"https:\/\/api.w.org\/{rel}","templated":true}]}}