{"id":7095,"date":"2011-09-20T13:43:50","date_gmt":"2011-09-20T11:43:50","guid":{"rendered":"http:\/\/www.stanetdam.com\/?p=7095"},"modified":"2011-09-20T13:43:50","modified_gmt":"2011-09-20T11:43:50","slug":"failcon-france-du-22-septembre-ce-quil-faut-en-attendre","status":"publish","type":"post","link":"https:\/\/stanetdam.com\/?p=7095","title":{"rendered":"FailCon France du 22 septembre : ce qu&rsquo;il faut en attendre"},"content":{"rendered":"<p style=\"text-align: center;\"><img loading=\"lazy\" decoding=\"async\" class=\"aligncenter\" title=\"FailCon Paris\" src=\"http:\/\/cdn.fr.ubergizmo.com\/wp-content\/uploads\/2011\/09\/Failcon-Logo1.jpg\" alt=\"\" width=\"541\" height=\"148\" \/><\/p>\n<p>Apr\u00e8s une premi\u00e8re \u00e9dition qui avait valeur de test le 1er f\u00e9vrier 2001, et \u00e0 laquelle nous \u00e9tions (voir notre reportage \u00e0 chaud ci-dessous), voici venir la deuxi\u00e8me et en fait premi\u00e8re \u00ab\u00a0v\u00e9ritable\u00a0\u00bb FailCon en France chez <strong>Microsoft France<\/strong>\u00a0\u00e0 Issy les Moulineaux le\u00a0<strong>22 septembre<\/strong>.<\/p>\n<p>On avait bien aim\u00e9 la premi\u00e8re, m\u00eame si nous avions trouv\u00e9 que les orateurs avaient parfois du mal \u00e0 \u00ab\u00a0reconnaitre\u00a0\u00bb l&rsquo;erreur et l&rsquo;\u00e9chec :<\/p>\n<p style=\"text-align: center;\">[youtube 6_LQDEMJhsM]<\/p>\n<p>Cass Phillipps a commenc\u00e9 les conf\u00e9rences FailCon en 2009 avec Diane Loviglio, la fondatrice d\u2019une startup dans les technologies propres. Pour l\u2019\u00e9dition en France, Roxanne Varza (de Startupbootcamp, TechCrunch France et Girls in Tech Paris) a assist\u00e9 \u00e0 l\u2019organisation.<\/p>\n<p>Parmi ses conf\u00e9rences, Cass et ses co-organisatrices visent \u00e0 changer l\u2019opinion vis-\u00e0-vis l\u2019\u00e9chec. L\u2019echec est souvent consid\u00e9r\u00e9 comme un sujet tabou pour les fondateurs et les investisseurs, notamment en Europe. Pourtant, l\u2019entrepreneur fait naturellement beaucoup de fautes et d\u2019erreurs. Failcon donne la possibilit\u00e9 de partager les le\u00e7ons apprises avec la communaut\u00e9 d\u2019une mani\u00e8re constructive dans un environnement s\u00e9curis\u00e9.<\/p>\n<p>Aux Etats-Unis, cet \u00e9v\u00e8nement attire plus de 500 entrepreneurs et investisseurs chaque ann\u00e9e. L\u2019\u00e9quipe organisatrice pr\u00e9voit environ 250 participants pour cette \u00e9dition \u00e0 Paris.<\/p>\n<p>Et nous y serons ! <strong>Au programme, des interviews \u00e0 chaud des entrepreneurs pr\u00e9sents<\/strong>.<\/p>\n<p>C\u00f4t\u00e9 intervenants, il y a du beau monde r\u00e9partit sur toute la journ\u00e9e du 22, jugez plut\u00f4t :<\/p>\n<ul>\n<li><a href=\"http:\/\/france.thefailcon.com\/speakers.html#Blaise-Vignon\">Blaise Vignon<\/a>, Emerging Business Lead at Microsoft<\/li>\n<li><a href=\"http:\/\/france.thefailcon.com\/speakers.html#Emmanuel-Levi-Valensi\">Emmanuel Levi-Valensi<\/a>, Founder and GM, People in Action<\/li>\n<li><a href=\"http:\/\/france.thefailcon.com\/speakers.html#Gilles-Babinet\">Gilles Babinet<\/a>, Entrepreneur \/ Chairman, Conseil National du Numerique<\/li>\n<li><a href=\"http:\/\/france.thefailcon.com\/speakers.html#Sarah-Prevette\">Sarah Prevette<\/a>, CEO of Sprouter<\/li>\n<li><a href=\"http:\/\/france.thefailcon.com\/speakers.html#Daniel-Kahn\">Daniel Kahn<\/a>, Partner at Kahn and Associ\u00e9s<\/li>\n<li><a href=\"http:\/\/france.thefailcon.com\/speakers.html#Robin-Chase\">Robin Chase<\/a>, CEO of Buzzcar<\/li>\n<li><a href=\"http:\/\/france.thefailcon.com\/speakers.html#Bruno-Vanyrb\">Bruno Vanyrb<\/a>, Avanquest<\/li>\n<li><a href=\"http:\/\/france.thefailcon.com\/speakers.html#Ricardo-Sousa\">Ricardo Sousa<\/a>, Cortiza<\/li>\n<li><a href=\"http:\/\/france.thefailcon.com\/speakers.html#Marie-Ekeland\">Marie Ekeland<\/a>, Partner at Elaia Partners<\/li>\n<li><a href=\"http:\/\/france.thefailcon.com\/speakers.html#Jean-Marc-Plueger\">Jean-Marc Plueger<\/a>, President at Yasound<\/li>\n<li><a href=\"http:\/\/france.thefailcon.com\/speakers.html#Marc-Rougier\">Marc Rougier<\/a>, CEO at Scoop.it<\/li>\n<li><a href=\"http:\/\/france.thefailcon.com\/speakers.html#Paul-Bowen\">Paul Bowen<\/a>, VP at TapJoy<\/li>\n<li><a href=\"http:\/\/france.thefailcon.com\/speakers.html#Frederic-Montagnon\">Frederic Montagnon<\/a>, CMO at Ebuzzing<\/li>\n<li><a href=\"http:\/\/france.thefailcon.com\/speakers.html#Renaud-Visage\">Renaud Visage<\/a>, CTO at Eventbrite<\/li>\n<\/ul>\n<p>Pour plus d\u2019infos sur l\u2019\u00e9dition de Failcon \u00e0 Paris, allez sur:\u00a0<a href=\"http:\/\/france.thefailcon.com\/\" target=\"_blank\" rel=\"noopener noreferrer\">http:\/\/france.thefailcon.com\/<\/a>\u00a0et\u00a0b\u00e9n\u00e9ficiez de 15% de r\u00e9duction sur le ticket d\u2019entr\u00e9e en vous\u00a0<a title=\"Page d'enregistrement\" href=\"http:\/\/francefailcon.eventbrite.com\/?discount=ubergizmo\" target=\"_blank\" rel=\"noopener noreferrer\"><strong>enregistrant sur cette page<\/strong><\/a>\u00a0(le code de r\u00e9duction est int\u00e9gr\u00e9).<\/p>\n<p><strong><br \/>\n<\/strong><\/p>\n<p>&nbsp;<\/p>\n<p>&nbsp;<\/p>\n<div id=\"themify_builder_content-7095\" data-postid=\"7095\" class=\"themify_builder_content themify_builder_content-7095 themify_builder\">\n    <\/div>\n<!-- \/themify_builder_content -->\n","protected":false},"excerpt":{"rendered":"<p>Apr\u00e8s une premi\u00e8re \u00e9dition qui avait valeur de test le 1er f\u00e9vrier 2001, et \u00e0 laquelle nous \u00e9tions (voir notre reportage \u00e0 chaud ci-dessous), voici venir la deuxi\u00e8me et en fait premi\u00e8re \u00ab\u00a0v\u00e9ritable\u00a0\u00bb FailCon en France chez Microsoft France\u00a0\u00e0 Issy les Moulineaux le\u00a022 septembre. On avait bien aim\u00e9 la premi\u00e8re, m\u00eame si nous avions trouv\u00e9 [&hellip;]<\/p>\n","protected":false},"author":3,"featured_media":0,"comment_status":"open","ping_status":"open","sticky":false,"template":"","format":"standard","meta":{"footnotes":""},"categories":[3],"tags":[1308,1309,2457],"class_list":["post-7095","post","type-post","status-publish","format-standard","hentry","category-sd-usages","tag-failcon","tag-failcon-france","tag-microsoft","has-post-title","has-post-date","has-post-category","has-post-tag","has-post-comment","has-post-author",""],"builder_content":"","_links":{"self":[{"href":"https:\/\/stanetdam.com\/index.php?rest_route=\/wp\/v2\/posts\/7095","targetHints":{"allow":["GET"]}}],"collection":[{"href":"https:\/\/stanetdam.com\/index.php?rest_route=\/wp\/v2\/posts"}],"about":[{"href":"https:\/\/stanetdam.com\/index.php?rest_route=\/wp\/v2\/types\/post"}],"author":[{"embeddable":true,"href":"https:\/\/stanetdam.com\/index.php?rest_route=\/wp\/v2\/users\/3"}],"replies":[{"embeddable":true,"href":"https:\/\/stanetdam.com\/index.php?rest_route=%2Fwp%2Fv2%2Fcomments&post=7095"}],"version-history":[{"count":0,"href":"https:\/\/stanetdam.com\/index.php?rest_route=\/wp\/v2\/posts\/7095\/revisions"}],"wp:attachment":[{"href":"https:\/\/stanetdam.com\/index.php?rest_route=%2Fwp%2Fv2%2Fmedia&parent=7095"}],"wp:term":[{"taxonomy":"category","embeddable":true,"href":"https:\/\/stanetdam.com\/index.php?rest_route=%2Fwp%2Fv2%2Fcategories&post=7095"},{"taxonomy":"post_tag","embeddable":true,"href":"https:\/\/stanetdam.com\/index.php?rest_route=%2Fwp%2Fv2%2Ftags&post=7095"}],"curies":[{"name":"wp","href":"https:\/\/api.w.org\/{rel}","templated":true}]}}