{"id":7093,"date":"2011-09-20T06:10:17","date_gmt":"2011-09-20T04:10:17","guid":{"rendered":"http:\/\/www.stanetdam.com\/toutes-les-nouveautes-que-facebook-devrait-annoncer-lors-de-la-conference-f8\/"},"modified":"2011-09-20T06:10:17","modified_gmt":"2011-09-20T04:10:17","slug":"toutes-les-nouveautes-que-facebook-devrait-annoncer-lors-de-la-conference-f8","status":"publish","type":"post","link":"https:\/\/stanetdam.com\/?p=7093","title":{"rendered":"Toutes les nouveaut\u00e9s que Facebook devrait annoncer lors de la conf\u00e9rence f8"},"content":{"rendered":"<p>\n<span style=\"font-style: italic; color: rgb(153, 153, 153);\"><\/p>\n<p>La grande conf\u00e9rence annuelle tenue par Facebook \u00e0 San\u00a0Francisco pr\u00e9vue le 22 septembre s&rsquo;annonce riche en nouveaut\u00e9s, le Guardian en annonce d\u00e9j\u00e0 3, rien d&rsquo;officiel bien sur, mais voici ce que semble savoir le journal anglais. Des\u00a0changements sur le bouton \u00ab\u00a0j&rsquo;aime\u00a0\u00bb Si ce changement est av\u00e9r\u00e9, ce sera certainement la sensation de cette conf\u00e9rence puisqu&rsquo;il semblerait que Facebook veuille modifier le d\u00e9sormais mythique bouton \u00ab\u00a0like\u00a0\u00bb lanc\u00e9 l&rsquo;ann\u00e9e derni\u00e8re lors du m\u00eame \u00e9v\u00e8nement. En effet, d&rsquo;apr\u00e8s le Guardian et une source pour TechCrunch , en plus du bouton \u00ab\u00a0j&rsquo;aime\u00a0\u00bb les utilisateurs du r\u00e9seau pourront aussi cliquer sur \u00ab\u00a0lu\u00a0\u00bb, \u00ab\u00a0vu\u00a0\u00bb, \u00ab\u00a0\u00e9cout\u00e9\u00a0\u00bb et m\u00eame un nouveau bouton orient\u00e9 commerce social, le bouton \u00ab\u00a0want\u00a0\u00bb \u00e0 cliquer pour les produits des marques, un genre de \u00ab\u00a0Il me le faut\u00a0\u00bb. Service de musique en streaming <\/p>\n<p><\/span><br \/>\nLire l&rsquo;article original ici:<br \/>\n<a target=\"_blank\" href=\"http:\/\/feedproxy.google.com\/~r\/Pressecitron\/~3\/W01RCQOpHfE\/toutes-les-nouveautes-que-facebook-devrait-annoncer-lors-de-la-conference-f8\" title=\"Toutes les nouveaut\u00e9s que Facebook devrait annoncer lors de la conf\u00e9rence f8\" rel=\"noopener noreferrer\">Toutes les nouveaut\u00e9s que Facebook devrait annoncer lors de la conf\u00e9rence f8<\/a><br \/>\nArticle issu de la veille quotidienne de Stan&#038;Dam.<\/p>\n<div id=\"themify_builder_content-7093\" data-postid=\"7093\" class=\"themify_builder_content themify_builder_content-7093 themify_builder\">\n    <\/div>\n<!-- \/themify_builder_content -->\n","protected":false},"excerpt":{"rendered":"<p>La grande conf\u00e9rence annuelle tenue par Facebook \u00e0 San\u00a0Francisco pr\u00e9vue le 22 septembre s&rsquo;annonce riche en nouveaut\u00e9s, le Guardian en annonce d\u00e9j\u00e0 3, rien d&rsquo;officiel bien sur, mais voici ce que semble savoir le journal anglais. Des\u00a0changements sur le bouton \u00ab\u00a0j&rsquo;aime\u00a0\u00bb Si ce changement est av\u00e9r\u00e9, ce sera certainement la sensation de cette conf\u00e9rence puisqu&rsquo;il semblerait que Facebook veuille modifier le d\u00e9sormais mythique bouton \u00ab\u00a0like\u00a0\u00bb lanc\u00e9 l&rsquo;ann\u00e9e derni\u00e8re lors du m\u00eame \u00e9v\u00e8nement. En effet, d&rsquo;apr\u00e8s le Guardian et une source pour TechCrunch , en plus du bouton \u00ab\u00a0j&rsquo;aime\u00a0\u00bb les utilisateurs du r\u00e9seau pourront aussi cliquer sur \u00ab\u00a0lu\u00a0\u00bb, \u00ab\u00a0vu\u00a0\u00bb, \u00ab\u00a0\u00e9cout\u00e9\u00a0\u00bb et m\u00eame un nouveau bouton orient\u00e9 commerce social, le bouton \u00ab\u00a0want\u00a0\u00bb \u00e0 cliquer pour les produits des marques, un genre de \u00ab\u00a0Il me le faut\u00a0\u00bb. Service de musique en streaming <\/p>\n","protected":false},"author":2,"featured_media":0,"comment_status":"open","ping_status":"open","sticky":false,"template":"","format":"standard","meta":{"footnotes":""},"categories":[6],"tags":[1617,3591,4015],"class_list":["post-7093","post","type-post","status-publish","format-standard","hentry","category-liens-automatiques","tag-google-reader","tag-stan","tag-veille","has-post-title","has-post-date","has-post-category","has-post-tag","has-post-comment","has-post-author",""],"builder_content":"","_links":{"self":[{"href":"https:\/\/stanetdam.com\/index.php?rest_route=\/wp\/v2\/posts\/7093","targetHints":{"allow":["GET"]}}],"collection":[{"href":"https:\/\/stanetdam.com\/index.php?rest_route=\/wp\/v2\/posts"}],"about":[{"href":"https:\/\/stanetdam.com\/index.php?rest_route=\/wp\/v2\/types\/post"}],"author":[{"embeddable":true,"href":"https:\/\/stanetdam.com\/index.php?rest_route=\/wp\/v2\/users\/2"}],"replies":[{"embeddable":true,"href":"https:\/\/stanetdam.com\/index.php?rest_route=%2Fwp%2Fv2%2Fcomments&post=7093"}],"version-history":[{"count":0,"href":"https:\/\/stanetdam.com\/index.php?rest_route=\/wp\/v2\/posts\/7093\/revisions"}],"wp:attachment":[{"href":"https:\/\/stanetdam.com\/index.php?rest_route=%2Fwp%2Fv2%2Fmedia&parent=7093"}],"wp:term":[{"taxonomy":"category","embeddable":true,"href":"https:\/\/stanetdam.com\/index.php?rest_route=%2Fwp%2Fv2%2Fcategories&post=7093"},{"taxonomy":"post_tag","embeddable":true,"href":"https:\/\/stanetdam.com\/index.php?rest_route=%2Fwp%2Fv2%2Ftags&post=7093"}],"curies":[{"name":"wp","href":"https:\/\/api.w.org\/{rel}","templated":true}]}}