{"id":7067,"date":"2011-09-11T10:52:16","date_gmt":"2011-09-11T08:52:16","guid":{"rendered":"http:\/\/www.stanetdam.com\/bourgi-le-m-francafrique-sort-du-silence-villepin-et-chirac-brassaient-beaucoup-de-billets\/"},"modified":"2011-09-11T10:52:16","modified_gmt":"2011-09-11T08:52:16","slug":"bourgi-le-m-francafrique-sort-du-silence-villepin-et-chirac-brassaient-beaucoup-de-billets","status":"publish","type":"post","link":"https:\/\/stanetdam.com\/?p=7067","title":{"rendered":"Bourgi, le M. Fran\u00e7afrique, sort du silence : Villepin et Chirac brassaient (beaucoup) de billets"},"content":{"rendered":"<p>\n<span style=\"font-style: italic; color: rgb(153, 153, 153);\"><\/p>\n<p>L&rsquo;avocat Robert Bourgi r\u00e9v\u00e8le 25 de transferts de fonds entre des \u00c9tats d&rsquo;Afrique et la France. Jacques Chirac porte plainte. <\/p>\n<p><\/span><br \/>\nLire l&rsquo;article original ici:<br \/>\n<a target=\"_blank\" href=\"http:\/\/www.lepost.fr\/article\/2011\/09\/11\/2587548_robert-bourgi-j-etais-le-porteur-de-valises-de-chirac-puis-villepin.html#xtor=RSS-30\" title=\"Bourgi, le M. Fran\u00e7afrique, sort du silence : Villepin et Chirac brassaient (beaucoup) de billets\" rel=\"noopener noreferrer\">Bourgi, le M. Fran\u00e7afrique, sort du silence : Villepin et Chirac brassaient (beaucoup) de billets<\/a><br \/>\nArticle issu de la veille quotidienne de Stan&#038;Dam.<\/p>\n<div id=\"themify_builder_content-7067\" data-postid=\"7067\" class=\"themify_builder_content themify_builder_content-7067 themify_builder\">\n    <\/div>\n<!-- \/themify_builder_content -->\n","protected":false},"excerpt":{"rendered":"<p>L&rsquo;avocat Robert Bourgi r\u00e9v\u00e8le 25 de transferts de fonds entre des \u00c9tats d&rsquo;Afrique et la France. Jacques Chirac porte plainte. <\/p>\n","protected":false},"author":2,"featured_media":0,"comment_status":"open","ping_status":"open","sticky":false,"template":"","format":"standard","meta":{"footnotes":""},"categories":[6],"tags":[151,363,1946,2989,3038,3246,3280,4015],"class_list":["post-7067","post","type-post","status-publish","format-standard","hentry","category-liens-automatiques","tag-afrique","tag-avocat","tag-jacques","tag-plainte","tag-porte","tag-result","tag-robert","tag-veille","has-post-title","has-post-date","has-post-category","has-post-tag","has-post-comment","has-post-author",""],"builder_content":"","_links":{"self":[{"href":"https:\/\/stanetdam.com\/index.php?rest_route=\/wp\/v2\/posts\/7067","targetHints":{"allow":["GET"]}}],"collection":[{"href":"https:\/\/stanetdam.com\/index.php?rest_route=\/wp\/v2\/posts"}],"about":[{"href":"https:\/\/stanetdam.com\/index.php?rest_route=\/wp\/v2\/types\/post"}],"author":[{"embeddable":true,"href":"https:\/\/stanetdam.com\/index.php?rest_route=\/wp\/v2\/users\/2"}],"replies":[{"embeddable":true,"href":"https:\/\/stanetdam.com\/index.php?rest_route=%2Fwp%2Fv2%2Fcomments&post=7067"}],"version-history":[{"count":0,"href":"https:\/\/stanetdam.com\/index.php?rest_route=\/wp\/v2\/posts\/7067\/revisions"}],"wp:attachment":[{"href":"https:\/\/stanetdam.com\/index.php?rest_route=%2Fwp%2Fv2%2Fmedia&parent=7067"}],"wp:term":[{"taxonomy":"category","embeddable":true,"href":"https:\/\/stanetdam.com\/index.php?rest_route=%2Fwp%2Fv2%2Fcategories&post=7067"},{"taxonomy":"post_tag","embeddable":true,"href":"https:\/\/stanetdam.com\/index.php?rest_route=%2Fwp%2Fv2%2Ftags&post=7067"}],"curies":[{"name":"wp","href":"https:\/\/api.w.org\/{rel}","templated":true}]}}