{"id":7040,"date":"2011-09-06T22:03:00","date_gmt":"2011-09-06T20:03:00","guid":{"rendered":"http:\/\/www.stanetdam.com\/ifa-2011-sony-ne-va-plus-batailler-sur-lentree-de-gamme-des-tv\/"},"modified":"2011-09-06T22:03:00","modified_gmt":"2011-09-06T20:03:00","slug":"ifa-2011-sony-ne-va-plus-batailler-sur-lentree-de-gamme-des-tv","status":"publish","type":"post","link":"https:\/\/stanetdam.com\/?p=7040","title":{"rendered":"IFA 2011 : \u00ab\u00a0Sony ne va plus batailler sur l&rsquo;entr\u00e9e de gamme des TV\u00a0\u00bb"},"content":{"rendered":"<p>\n<span style=\"font-style: italic; color: rgb(153, 153, 153);\"><\/p>\n<p>\u00a0 Qu&rsquo;est-ce qui pourrait conjurer le sort r\u00e9serv\u00e9 au march\u00e9 des \u00e9crans plats dont la valeur s&rsquo;effrite ?\u00a0La 3D ? L&rsquo;injection de \u00ab\u00a0contenu\u00a0\u00bb au sein des t\u00e9l\u00e9s ? La foire&#8230;<\/p>\n<p><\/span><br \/>\nLire l&rsquo;article original ici:<br \/>\n<a target=\"_blank\" href=\"http:\/\/www.lesnumeriques.com\/ifa-2011-sony-ne-va-batailler-entree-gamme-tv-news-20970.html\" ne va plus batailler sur rel=\"noopener noreferrer\">IFA 2011 : \u00ab\u00a0Sony ne va plus batailler sur l&rsquo;entr\u00e9e de gamme des TV\u00a0\u00bb<\/a><br \/>\nArticle issu de la veille quotidienne de Stan&#038;Dam.<\/p>\n<div id=\"themify_builder_content-7040\" data-postid=\"7040\" class=\"themify_builder_content themify_builder_content-7040 themify_builder\">\n    <\/div>\n<!-- \/themify_builder_content -->\n","protected":false},"excerpt":{"rendered":"<p>\u00a0 Qu&rsquo;est-ce qui pourrait conjurer le sort r\u00e9serv\u00e9 au march\u00e9 des \u00e9crans plats dont la valeur s&rsquo;effrite ?\u00a0La 3D ? L&rsquo;injection de \u00ab\u00a0contenu\u00a0\u00bb au sein des t\u00e9l\u00e9s ? La foire&#8230;<\/p>\n","protected":false},"author":2,"featured_media":0,"comment_status":"open","ping_status":"open","sticky":false,"template":"","format":"standard","meta":{"footnotes":""},"categories":[6],"tags":[940,1589,1617,2222,4015],"class_list":["post-7040","post","type-post","status-publish","format-standard","hentry","category-liens-automatiques","tag-curation","tag-google","tag-google-reader","tag-lifestream","tag-veille","has-post-title","has-post-date","has-post-category","has-post-tag","has-post-comment","has-post-author",""],"builder_content":"","_links":{"self":[{"href":"https:\/\/stanetdam.com\/index.php?rest_route=\/wp\/v2\/posts\/7040","targetHints":{"allow":["GET"]}}],"collection":[{"href":"https:\/\/stanetdam.com\/index.php?rest_route=\/wp\/v2\/posts"}],"about":[{"href":"https:\/\/stanetdam.com\/index.php?rest_route=\/wp\/v2\/types\/post"}],"author":[{"embeddable":true,"href":"https:\/\/stanetdam.com\/index.php?rest_route=\/wp\/v2\/users\/2"}],"replies":[{"embeddable":true,"href":"https:\/\/stanetdam.com\/index.php?rest_route=%2Fwp%2Fv2%2Fcomments&post=7040"}],"version-history":[{"count":0,"href":"https:\/\/stanetdam.com\/index.php?rest_route=\/wp\/v2\/posts\/7040\/revisions"}],"wp:attachment":[{"href":"https:\/\/stanetdam.com\/index.php?rest_route=%2Fwp%2Fv2%2Fmedia&parent=7040"}],"wp:term":[{"taxonomy":"category","embeddable":true,"href":"https:\/\/stanetdam.com\/index.php?rest_route=%2Fwp%2Fv2%2Fcategories&post=7040"},{"taxonomy":"post_tag","embeddable":true,"href":"https:\/\/stanetdam.com\/index.php?rest_route=%2Fwp%2Fv2%2Ftags&post=7040"}],"curies":[{"name":"wp","href":"https:\/\/api.w.org\/{rel}","templated":true}]}}