{"id":6985,"date":"2011-08-16T12:51:07","date_gmt":"2011-08-16T10:51:07","guid":{"rendered":"http:\/\/www.stanetdam.com\/lipad-3-repousse-a-cause-de-son-ecran-trop-haut-de-gamme\/"},"modified":"2011-08-16T12:51:07","modified_gmt":"2011-08-16T10:51:07","slug":"lipad-3-repousse-a-cause-de-son-ecran-trop-haut-de-gamme","status":"publish","type":"post","link":"https:\/\/stanetdam.com\/?p=6985","title":{"rendered":"L&rsquo;iPad 3 repouss\u00e9 \u00e0 cause de son \u00e9cran trop haut de gamme ?"},"content":{"rendered":"<p>\n<span style=\"font-style: italic; color: rgb(153, 153, 153);\"><\/p>\n<p>Voil\u00e0 une dr\u00f4le de nouvelle publi\u00e9e il y a quelques heures par DigiTimes. Selon le sp\u00e9cialiste des actualit\u00e9s des usines de productions asiatiques, Apple a repouss\u00e9 le lancement d&rsquo;un iPad 3.<\/p>\n<p><\/span><br \/>\nLire l&rsquo;article original ici:<br \/>\n<a target=\"_blank\" href=\"http:\/\/www.pcinpact.com\/actu\/news\/65078-apple-ipad-3-ecran-haut-de-gamme.htm\" title=\"L'iPad 3 repouss\u00e9 \u00e0 cause de son \u00e9cran trop haut de gamme ?\" rel=\"noopener noreferrer\">L&rsquo;iPad 3 repouss\u00e9 \u00e0 cause de son \u00e9cran trop haut de gamme ?<\/a><br \/>\nArticle issu de la veille quotidienne de Stan&#038;Dam.<\/p>\n<div id=\"themify_builder_content-6985\" data-postid=\"6985\" class=\"themify_builder_content themify_builder_content-6985 themify_builder\">\n    <\/div>\n<!-- \/themify_builder_content -->\n","protected":false},"excerpt":{"rendered":"<p>Voil\u00e0 une dr\u00f4le de nouvelle publi\u00e9e il y a quelques heures par DigiTimes. Selon le sp\u00e9cialiste des actualit\u00e9s des usines de productions asiatiques, Apple a repouss\u00e9 le lancement d&rsquo;un iPad 3.<\/p>\n","protected":false},"author":2,"featured_media":0,"comment_status":"open","ping_status":"open","sticky":false,"template":"","format":"standard","meta":{"footnotes":""},"categories":[6],"tags":[256,1617,3246,3591,4015],"class_list":["post-6985","post","type-post","status-publish","format-standard","hentry","category-liens-automatiques","tag-apple","tag-google-reader","tag-result","tag-stan","tag-veille","has-post-title","has-post-date","has-post-category","has-post-tag","has-post-comment","has-post-author",""],"builder_content":"","_links":{"self":[{"href":"https:\/\/stanetdam.com\/index.php?rest_route=\/wp\/v2\/posts\/6985","targetHints":{"allow":["GET"]}}],"collection":[{"href":"https:\/\/stanetdam.com\/index.php?rest_route=\/wp\/v2\/posts"}],"about":[{"href":"https:\/\/stanetdam.com\/index.php?rest_route=\/wp\/v2\/types\/post"}],"author":[{"embeddable":true,"href":"https:\/\/stanetdam.com\/index.php?rest_route=\/wp\/v2\/users\/2"}],"replies":[{"embeddable":true,"href":"https:\/\/stanetdam.com\/index.php?rest_route=%2Fwp%2Fv2%2Fcomments&post=6985"}],"version-history":[{"count":0,"href":"https:\/\/stanetdam.com\/index.php?rest_route=\/wp\/v2\/posts\/6985\/revisions"}],"wp:attachment":[{"href":"https:\/\/stanetdam.com\/index.php?rest_route=%2Fwp%2Fv2%2Fmedia&parent=6985"}],"wp:term":[{"taxonomy":"category","embeddable":true,"href":"https:\/\/stanetdam.com\/index.php?rest_route=%2Fwp%2Fv2%2Fcategories&post=6985"},{"taxonomy":"post_tag","embeddable":true,"href":"https:\/\/stanetdam.com\/index.php?rest_route=%2Fwp%2Fv2%2Ftags&post=6985"}],"curies":[{"name":"wp","href":"https:\/\/api.w.org\/{rel}","templated":true}]}}