{"id":6961,"date":"2011-07-28T08:58:25","date_gmt":"2011-07-28T06:58:25","guid":{"rendered":"http:\/\/www.stanetdam.com\/iphone-5-pour-septembre-et-ipad-3-pour-novembre\/"},"modified":"2011-07-28T08:58:25","modified_gmt":"2011-07-28T06:58:25","slug":"iphone-5-pour-septembre-et-ipad-3-pour-novembre","status":"publish","type":"post","link":"https:\/\/stanetdam.com\/?p=6961","title":{"rendered":"iPhone 5 pour Septembre et iPad 3 pour Novembre"},"content":{"rendered":"<p>\n<span style=\"font-style: italic; color: rgb(153, 153, 153);\"><\/p>\n<p>  De toutes les rumeurs &#8230; c&rsquo;est la plus probable Le magazine China Times apporte ce matin quelques \u00e9l\u00e9ments de r\u00e9ponse au sujet de l\u2019 iPhone 5 et de l\u2019 iPad 3. l\u2019 iPhone 5 serait annonc\u00e9 lors d\u2019un Keynote Apple la deuxi\u00e8me semaine de septembre. <\/p>\n<p><\/span><br \/>\nLire l&rsquo;article original ici:<br \/>\n<a target=\"_blank\" href=\"http:\/\/www.begeek.fr\/iphone-5-pour-septembre-et-ipad-3-pour-novembre-41344\" title=\"iPhone 5 pour Septembre et iPad 3 pour Novembre\" rel=\"noopener noreferrer\">iPhone 5 pour Septembre et iPad 3 pour Novembre<\/a><br \/>\nArticle issu de la veille quotidienne de Stan&#038;Dam.<\/p>\n<div id=\"themify_builder_content-6961\" data-postid=\"6961\" class=\"themify_builder_content themify_builder_content-6961 themify_builder\">\n    <\/div>\n<!-- \/themify_builder_content -->\n","protected":false},"excerpt":{"rendered":"<p>  De toutes les rumeurs &#8230; c&rsquo;est la plus probable Le magazine China Times apporte ce matin quelques \u00e9l\u00e9ments de r\u00e9ponse au sujet de l\u2019 iPhone 5 et de l\u2019 iPad 3. l\u2019 iPhone 5 serait annonc\u00e9 lors d\u2019un Keynote Apple la deuxi\u00e8me semaine de septembre. <\/p>\n","protected":false},"author":2,"featured_media":0,"comment_status":"open","ping_status":"open","sticky":false,"template":"","format":"standard","meta":{"footnotes":""},"categories":[6],"tags":[4015],"class_list":["post-6961","post","type-post","status-publish","format-standard","hentry","category-liens-automatiques","tag-veille","has-post-title","has-post-date","has-post-category","has-post-tag","has-post-comment","has-post-author",""],"builder_content":"","_links":{"self":[{"href":"https:\/\/stanetdam.com\/index.php?rest_route=\/wp\/v2\/posts\/6961","targetHints":{"allow":["GET"]}}],"collection":[{"href":"https:\/\/stanetdam.com\/index.php?rest_route=\/wp\/v2\/posts"}],"about":[{"href":"https:\/\/stanetdam.com\/index.php?rest_route=\/wp\/v2\/types\/post"}],"author":[{"embeddable":true,"href":"https:\/\/stanetdam.com\/index.php?rest_route=\/wp\/v2\/users\/2"}],"replies":[{"embeddable":true,"href":"https:\/\/stanetdam.com\/index.php?rest_route=%2Fwp%2Fv2%2Fcomments&post=6961"}],"version-history":[{"count":0,"href":"https:\/\/stanetdam.com\/index.php?rest_route=\/wp\/v2\/posts\/6961\/revisions"}],"wp:attachment":[{"href":"https:\/\/stanetdam.com\/index.php?rest_route=%2Fwp%2Fv2%2Fmedia&parent=6961"}],"wp:term":[{"taxonomy":"category","embeddable":true,"href":"https:\/\/stanetdam.com\/index.php?rest_route=%2Fwp%2Fv2%2Fcategories&post=6961"},{"taxonomy":"post_tag","embeddable":true,"href":"https:\/\/stanetdam.com\/index.php?rest_route=%2Fwp%2Fv2%2Ftags&post=6961"}],"curies":[{"name":"wp","href":"https:\/\/api.w.org\/{rel}","templated":true}]}}