{"id":6935,"date":"2011-07-28T12:00:12","date_gmt":"2011-07-28T10:00:12","guid":{"rendered":"http:\/\/www.stanetdam.com\/?p=6935"},"modified":"2011-07-28T12:00:12","modified_gmt":"2011-07-28T10:00:12","slug":"standam-interviewent-kev-adams-et-toute-lequipe-de-soda-m6","status":"publish","type":"post","link":"https:\/\/stanetdam.com\/?p=6935","title":{"rendered":"Stan&#038;Dam interviewent Kev Adams et toute l&rsquo;\u00e9quipe de SODA (M6)"},"content":{"rendered":"<p style=\"text-align: center;\"><img loading=\"lazy\" decoding=\"async\" class=\"aligncenter\" title=\"SODA\" src=\"http:\/\/www.lemag-vip.com\/memo\/soda-cap-1.jpg\" alt=\"\" width=\"430\" height=\"287\" \/><\/p>\n<p>Stan&amp;Dam aiment c\u00f4toyer les stars. Apr\u00e8s des l\u00e9gendes comme Micha\u00ebl Vendetta ou Jean-Claude Vandamme, voici venir Kev Adams et toute l&rsquo;\u00e9quipe de <a href=\"http:\/\/www.m6.fr\/serie-soda\/\">SODA<\/a>.<\/p>\n<p>SODA, \u00e7a veut dire Ados en verlan. C&rsquo;est la nouvelle s\u00e9rie de M6 qui est diffus\u00e9e depuis d\u00e9but juillet durant tout l&rsquo;\u00e9t\u00e9. Vous aviez rat\u00e9 ? Voici le rattrapage.<\/p>\n<h3>Le pitch<\/h3>\n<p>D&rsquo;un c\u00f4t\u00e9, Kev Adams qui est le fils d&rsquo;une famille \u00ab\u00a0\u00e0 la cool\u00a0\u00bb, avec des parents modernes, compr\u00e9hensifs et \u00e0 la fois qui g\u00e8rent leurs deux enfants de mani\u00e8re serr\u00e9e.<\/p>\n<p>De l&rsquo;autre, Kev et ses potes, ses copines, le lyc\u00e9e, le pion et le proviseur.<\/p>\n<p>SODA, c\u2019est le quotidien d\u2019ADAM, 18 ans, un lyc\u00e9en. Fils a\u00een\u00e9 d\u2019une famille de classe moyenne et martyris\u00e9 par sa petite soeur, la d\u00e9moniaque \u00c8ve, il est comme la majorit\u00e9 des ados, un glandeur professionnel dont le principal passe-temps est de se laisser vivre. Grande gueule et frimeur devant ses potes et sa famille, il l\u2019est beaucoup moins devant Jenna, la bombe du lyc\u00e9e avec laquelle il veut sortir\u2026 Face \u00e0 ses angoisses et ses r\u00eaves d\u2019ado, il doit affronter son plus grand d\u00e9fi : le monde des adultes\u2026 et les filles.<\/p>\n<h3>La critique<\/h3>\n<p>La force de SODA r\u00e9side dans sa capacit\u00e9 \u00e0 adresser deux mondes \u00e0 priori d\u00e9cal\u00e9s l&rsquo;un par rapport \u00e0 l&rsquo;autre : les ados et leurs parents. Tout le monde y trouve son compte dans les sc\u00e9narios, chacun peut rire de la m\u00eame situation suivant son \u00ab\u00a0prisme\u00a0\u00bb de vue, tout en comprenant ce qui se passe \u00ab\u00a0de l&rsquo;autre c\u00f4t\u00e9 de la barri\u00e8re\u00a0\u00bb (vous me suivez ?).<\/p>\n<p>Ca d\u00e9clenche certainement moins de fous rires que \u00ab\u00a0Sc\u00e8ne de m\u00e9nage\u00a0\u00bb mais les histoires (courtes) sont bien vues et tapent au bon endroit. Une vraie s\u00e9rie familiale \ud83d\ude09<\/p>\n<p>Produit par l&rsquo;\u00e9quipe de CALT (celle qui avait commis Cam\u00e9ra Caf\u00e9 2, et \u00e0 qui je ne souhaite pas le m\u00eame insucc\u00e8s), c&rsquo;est frais et d\u00e9cal\u00e9, id\u00e9al pour l&rsquo;\u00e9t\u00e9.<\/p>\n<h3>Les interviews<\/h3>\n<p>SODA d\u00e9montre surtout l&rsquo;\u00e9norme potentiel d&rsquo;acteur de Kev Adams, co-auteur et tr\u00e8s humble dans l&rsquo;interview qu&rsquo;il nous a accord\u00e9 (apr\u00e8s avoir demand\u00e9 la permission aux deux attach\u00e9s de presse : vingt ans mais tr\u00e8s entour\u00e9 le gar\u00e7on&#8230;).<\/p>\n<p style=\"text-align: center;\">[youtube W7o3zNDQouY]<\/p>\n<p style=\"text-align: left;\">Et comme cela ne suffisait pas, on a rajout\u00e9 une partie de l&rsquo;\u00e9quipe et notamment les parents jou\u00e9s par Guy Lecluyse et\u00a0Laurence Oltuski :<\/p>\n<p style=\"text-align: center;\">[youtube uk5y-Rn62hQ]<\/p>\n<div id=\"themify_builder_content-6935\" data-postid=\"6935\" class=\"themify_builder_content themify_builder_content-6935 themify_builder\">\n    <\/div>\n<!-- \/themify_builder_content -->\n","protected":false},"excerpt":{"rendered":"<p>Stan&amp;Dam aiment c\u00f4toyer les stars. Apr\u00e8s des l\u00e9gendes comme Micha\u00ebl Vendetta ou Jean-Claude Vandamme, voici venir Kev Adams et toute l&rsquo;\u00e9quipe de SODA. SODA, \u00e7a veut dire Ados en verlan. C&rsquo;est la nouvelle s\u00e9rie de M6 qui est diffus\u00e9e depuis d\u00e9but juillet durant tout l&rsquo;\u00e9t\u00e9. Vous aviez rat\u00e9 ? Voici le rattrapage. Le pitch D&rsquo;un [&hellip;]<\/p>\n","protected":false},"author":3,"featured_media":0,"comment_status":"open","ping_status":"open","sticky":false,"template":"","format":"standard","meta":{"footnotes":""},"categories":[7],"tags":[599,2041,2294,3523],"class_list":["post-6935","post","type-post","status-publish","format-standard","hentry","category-sd_prod","tag-calt","tag-kev-adams","tag-m6","tag-soda","has-post-title","has-post-date","has-post-category","has-post-tag","has-post-comment","has-post-author",""],"builder_content":"","_links":{"self":[{"href":"https:\/\/stanetdam.com\/index.php?rest_route=\/wp\/v2\/posts\/6935","targetHints":{"allow":["GET"]}}],"collection":[{"href":"https:\/\/stanetdam.com\/index.php?rest_route=\/wp\/v2\/posts"}],"about":[{"href":"https:\/\/stanetdam.com\/index.php?rest_route=\/wp\/v2\/types\/post"}],"author":[{"embeddable":true,"href":"https:\/\/stanetdam.com\/index.php?rest_route=\/wp\/v2\/users\/3"}],"replies":[{"embeddable":true,"href":"https:\/\/stanetdam.com\/index.php?rest_route=%2Fwp%2Fv2%2Fcomments&post=6935"}],"version-history":[{"count":0,"href":"https:\/\/stanetdam.com\/index.php?rest_route=\/wp\/v2\/posts\/6935\/revisions"}],"wp:attachment":[{"href":"https:\/\/stanetdam.com\/index.php?rest_route=%2Fwp%2Fv2%2Fmedia&parent=6935"}],"wp:term":[{"taxonomy":"category","embeddable":true,"href":"https:\/\/stanetdam.com\/index.php?rest_route=%2Fwp%2Fv2%2Fcategories&post=6935"},{"taxonomy":"post_tag","embeddable":true,"href":"https:\/\/stanetdam.com\/index.php?rest_route=%2Fwp%2Fv2%2Ftags&post=6935"}],"curies":[{"name":"wp","href":"https:\/\/api.w.org\/{rel}","templated":true}]}}