{"id":6929,"date":"2011-07-27T16:52:24","date_gmt":"2011-07-27T14:52:24","guid":{"rendered":"http:\/\/www.stanetdam.com\/?p=6929"},"modified":"2011-07-27T16:52:24","modified_gmt":"2011-07-27T14:52:24","slug":"visitez-lexpo-kubrik-avec-culture-clic-il-reste-4-jours","status":"publish","type":"post","link":"https:\/\/stanetdam.com\/?p=6929","title":{"rendered":"Visitez l&rsquo;expo Kubrik avec Culture Clic : il reste 4 jours !"},"content":{"rendered":"<p style=\"text-align: center;\"><img loading=\"lazy\" decoding=\"async\" class=\"aligncenter\" style=\"border-style: initial; border-color: initial; border-width: 0px;\" title=\"IMG_1869.JPG\" src=\"\/wp-content\/uploads\/stanetdamv3\/IMG_1869.JPG\" alt=\"IMG_1869.JPG\" width=\"400\" height=\"298\" border=\"0\" \/><\/p>\n<p>L&rsquo;<a href=\"http:\/\/www.cinematheque.fr\/fr\/expositions-cinema\/kubrick\/\">expo Kubrik<\/a> se finit le 31 juillet \u00e0 la cin\u00e9math\u00e8que de Paris Bercy ! Pour l&rsquo;avoir visit\u00e9 d\u00e8s son ouverture, je puis vous dire que tout cin\u00e9phile qui se respecte ne peut rater un tel \u00e9v\u00e8nement.<\/p>\n<p>C&rsquo;est juste hallucinant : de espaces pour chaque film, avec force de d\u00e9tails, d&rsquo;explications, d&rsquo;interviews, et d&rsquo;objets issus des films (habits, accessoires, croquis, notes de production&#8230;). Et \u00e0 l&rsquo;\u00e9tage, du mat\u00e9riel de tournage, des objectifs, des sc\u00e9narios, des photos issues des tournages&#8230;<\/p>\n<p style=\"text-align: center;\">\u00a0<img loading=\"lazy\" decoding=\"async\" class=\"aligncenter\" style=\"border-style: initial; border-color: initial; border-width: 0px;\" title=\"IMG_1867.JPG\" src=\"\/wp-content\/uploads\/stanetdamv3\/IMG_1867.JPG\" alt=\"IMG_1867.JPG\" width=\"400\" height=\"298\" border=\"0\" \/><\/p>\n<p>Le probl\u00e8me, c&rsquo;est qu&rsquo;il y a du monde devant les \u00ab\u00a0tableaux\u00a0\u00bb et les diff\u00e9rents objets expos\u00e9s du Maitre.<\/p>\n<p>J&rsquo;ai donc test\u00e9 en compl\u00e9ment une version sp\u00e9ciale de <a href=\"http:\/\/www.cultureclic.fr\">Culture Clic <\/a>(il vous suffit de mettre \u00e0 jour ou de prendre la derni\u00e8re version) et vous acc\u00e9dez \u00e0 une cinquantaine d&rsquo;images et la bande annonce de l&rsquo;exposition en vid\u00e9o g\u00e9olocalis\u00e9es. Ca marche parfaitement bien et c&rsquo;est beaucoup plus int\u00e9ressant et riche que l&rsquo;audioguide (et c&rsquo;est gratuit en plus).<\/p>\n<p style=\"text-align: center;\">[youtube ARi03GxVvZY]<\/p>\n<p style=\"text-align: center;\">\u00a0<img loading=\"lazy\" decoding=\"async\" class=\"aligncenter\" title=\"Expo Kubrick Culture Clic\" src=\"http:\/\/farm6.static.flickr.com\/5260\/5553921652_313a46dfae_z.jpg\" alt=\"\" width=\"289\" height=\"640\" \/><\/p>\n<div id=\"themify_builder_content-6929\" data-postid=\"6929\" class=\"themify_builder_content themify_builder_content-6929 themify_builder\">\n    <\/div>\n<!-- \/themify_builder_content -->\n","protected":false},"excerpt":{"rendered":"<p>L&rsquo;expo Kubrik se finit le 31 juillet \u00e0 la cin\u00e9math\u00e8que de Paris Bercy ! Pour l&rsquo;avoir visit\u00e9 d\u00e8s son ouverture, je puis vous dire que tout cin\u00e9phile qui se respecte ne peut rater un tel \u00e9v\u00e8nement. C&rsquo;est juste hallucinant : de espaces pour chaque film, avec force de d\u00e9tails, d&rsquo;explications, d&rsquo;interviews, et d&rsquo;objets issus des [&hellip;]<\/p>\n","protected":false},"author":3,"featured_media":0,"comment_status":"open","ping_status":"open","sticky":false,"template":"","format":"standard","meta":{"footnotes":""},"categories":[2],"tags":[730,936,2067],"class_list":["post-6929","post","type-post","status-publish","format-standard","hentry","category-loisiretportnawak","tag-cinematheque","tag-culture-clic","tag-kubrik","has-post-title","has-post-date","has-post-category","has-post-tag","has-post-comment","has-post-author",""],"builder_content":"","_links":{"self":[{"href":"https:\/\/stanetdam.com\/index.php?rest_route=\/wp\/v2\/posts\/6929","targetHints":{"allow":["GET"]}}],"collection":[{"href":"https:\/\/stanetdam.com\/index.php?rest_route=\/wp\/v2\/posts"}],"about":[{"href":"https:\/\/stanetdam.com\/index.php?rest_route=\/wp\/v2\/types\/post"}],"author":[{"embeddable":true,"href":"https:\/\/stanetdam.com\/index.php?rest_route=\/wp\/v2\/users\/3"}],"replies":[{"embeddable":true,"href":"https:\/\/stanetdam.com\/index.php?rest_route=%2Fwp%2Fv2%2Fcomments&post=6929"}],"version-history":[{"count":0,"href":"https:\/\/stanetdam.com\/index.php?rest_route=\/wp\/v2\/posts\/6929\/revisions"}],"wp:attachment":[{"href":"https:\/\/stanetdam.com\/index.php?rest_route=%2Fwp%2Fv2%2Fmedia&parent=6929"}],"wp:term":[{"taxonomy":"category","embeddable":true,"href":"https:\/\/stanetdam.com\/index.php?rest_route=%2Fwp%2Fv2%2Fcategories&post=6929"},{"taxonomy":"post_tag","embeddable":true,"href":"https:\/\/stanetdam.com\/index.php?rest_route=%2Fwp%2Fv2%2Ftags&post=6929"}],"curies":[{"name":"wp","href":"https:\/\/api.w.org\/{rel}","templated":true}]}}