{"id":6912,"date":"2011-07-27T09:00:50","date_gmt":"2011-07-27T07:00:50","guid":{"rendered":"http:\/\/www.stanetdam.com\/?p=6912"},"modified":"2011-07-27T09:00:50","modified_gmt":"2011-07-27T07:00:50","slug":"le-tour-de-france-vu-de-linterieur-par-un-geek","status":"publish","type":"post","link":"https:\/\/stanetdam.com\/?p=6912","title":{"rendered":"Le Tour de France vu de l&rsquo;int\u00e9rieur par un Geek"},"content":{"rendered":"<p>Dimanche avait lieu la derni\u00e8re \u00e9tape du mythique Tour de France. Cette satan\u00e9e boucle qui fait tourner la t\u00eate des contr\u00e9es fran\u00e7aises et de ses habitants depuis 1903. Ce Tour qui en a plus d&rsquo;un dans son sac, \u00e0 commencer par donner envie \u00e0 tout le monde de suivre ces coureurs et leur 40 km\/h de moyenne (au bas mot).<\/p>\n<p style=\"text-align: center;\">[youtube NMoxQhH40Ns]<\/p>\n<p style=\"text-align: left;\">Alors, quand Orange (encore un immense merci \u00e0 eux) m&rsquo;a propos\u00e9 de plonger au coeur de la derni\u00e8re \u00e9tape de l&rsquo;\u00e9v\u00e8nement sportif de l&rsquo;\u00e9t\u00e9, j&rsquo;ai imm\u00e9diatement rev\u00eatu ma casquette et remont\u00e9 ma visi\u00e8re le sac \u00e0 dos rempli d&rsquo;appareils technologiques et la t\u00eate pleine de souvenirs.<\/p>\n<figure style=\"width: 400px\" class=\"wp-caption aligncenter\"><img loading=\"lazy\" decoding=\"async\" title=\"Mariah Carey est une fan du Tour\" src=\"http:\/\/www.examiner.com\/images\/blog\/EXID11229\/images\/glitter.jpg\" alt=\"\" width=\"400\" height=\"300\" \/><figcaption class=\"wp-caption-text\">Mariah Carey est une fan du Tour<\/figcaption><\/figure>\n<p style=\"text-align: left;\">Car pour moi, le Tour c&rsquo;est comme Rolland Garros : ce moment qui vous fait dire que vous \u00eates soit en train de r\u00e9viser vos exams, soit que c&rsquo;est vraiment les vacances. Je me souviens tr\u00e8s bien regardant la deuxi\u00e8me chaine avec mon grand-p\u00e8re, amateur \u00e9m\u00e9rite de la petite reine. Moi j&rsquo;attendais avec impatience ce qui ne viendrait jamais : R\u00e9cr\u00e9 A2.<\/p>\n<p style=\"text-align: left;\">Donc finalement je regardais, il m&rsquo;expliquait. Et comme j&rsquo;\u00e9tais d\u00e9j\u00e0 <em>d\u00e9cal\u00e9<\/em>\u00a0et <em>Geek<\/em> pour mon \u00e2ge, je m&rsquo;int\u00e9ressais aussi \u00e0 <em>comment<\/em> \u00e9tait r\u00e9alis\u00e9 le direct. C&rsquo;est comme cela que j&rsquo;appris que les cam\u00e9ramen de l&rsquo;\u00e9poque \u00e9taient juch\u00e9s en \u00e9quilibre tr\u00e8s pr\u00e9caire sur les motos de tournage portant \u00e0 bout de bras pour les stabiliser les grosses cam\u00e9ra d&rsquo;Antenne 2, reli\u00e9es \u00e0 un h\u00e9licopt\u00e8re relais SFP \u00e0 l&rsquo;\u00e9poque, et puis GlobeCast par la suite.<\/p>\n<p style=\"text-align: left;\">Le Tour c&rsquo;est aussi un Greg Lemon tr\u00e8s sympathique rencontr\u00e9 en coup de vent sortant de sa voiture \u00e0 Montpellier lors d&rsquo;une \u00e9tape avec mon papa. C&rsquo;est l&rsquo;envie de monter avec eux dans les voitures et de suivre au plus pr\u00e8s ces for\u00e7ats de la route. C&rsquo;est l&rsquo;envie d&rsquo;en d\u00e9couvrir les coulisses. Le <em>backstage<\/em>. Dont acte.<\/p>\n<h3 style=\"text-align: left;\">D\u00e9couverte du backstage<\/h3>\n<p style=\"text-align: left;\">Arriv\u00e9 \u00e0 11h30 dimanche matin, on m&rsquo;\u00e9quipe de mon badge \u00ab\u00a0invit\u00e9\u00a0\u00bb et de mes deux bracelets jaune et bleu : l&rsquo;un pour entrer, l&rsquo;autre pour sortir du Village. Chaque bracelet est \u00e9quip\u00e9 d&rsquo;une puce RFID (sans contact) afin de compter en temps-r\u00e9el combien de personnes (mais pas encore qui) sont pr\u00e9sentes.<\/p>\n<p style=\"text-align: center;\"><img loading=\"lazy\" decoding=\"async\" class=\"aligncenter\" style=\"border-style: initial; border-color: initial; border-width: 0px;\" title=\"badges_Tour_de_France_2011.jpg\" src=\"\/wp-content\/uploads\/stanetdamv3\/badges_Tour_de_France_2011.jpg\" alt=\"badges_Tour_de_France_2011.jpg\" width=\"336\" height=\"449\" border=\"0\" \/><\/p>\n<p style=\"text-align: left;\">Une fois arriv\u00e9 sur les lieux du Village, une chose saute aux yeux : la machinerie implacable qu&rsquo;est le Tour. C&rsquo;est l\u00e0 que je me rend compte que c&rsquo;est tous les jours durant 3 semaines une op\u00e9ration dantesque : deux lieux (un au d\u00e9part, l&rsquo;autre \u00e0 l&rsquo;arriv\u00e9e) mont\u00e9s d\u00e9mont\u00e9s tous les jours en 4 heures maximum, une <a href=\"http:\/\/www.lacaravanepublicitaire.com\/\">caravane publicitaire <\/a>d\u00e9lirante, des m\u00e9dias presse \u00e9crite-radio-t\u00e9l\u00e9 omni-pr\u00e9sents avec une salle de presse d\u00e9di\u00e9e, un plateau t\u00e9l\u00e9, le podium d&rsquo;arriv\u00e9e, les monumentaux bus des \u00e9quipes en lice, et surtout des d\u00e9fis techniques hallucinants. Car en plus des transmissions hertziennes, il faut d\u00e9sormais assurer en plus la transmission des contenus des journalistes et TV IP pr\u00e9sents sur place, et ce que vous soyez ans les Alpes ou dans la Creuse.<\/p>\n<p style=\"text-align: left;\">Henri Terreaux, responsable technique d&rsquo;Orange sur le Tour a expliqu\u00e9 \u00e0 la d\u00e9licieuse <a href=\"http:\/\/marilor.posterous.com\/\">Marilor<\/a> comment il s&rsquo;y \u00e9tait pris dans le parc naturel du Queyras, c&rsquo;est juste d\u00e9mentiel :<\/p>\n<p style=\"text-align: center;\">[youtube dI-nPX2wjNc]<\/p>\n<h3 style=\"text-align: left;\">Un live fait maison par Stan&amp;Dam<\/h3>\n<p style=\"text-align: left;\">Je fais ensuite connaissance avec notre (je suis accompagn\u00e9 de <a href=\"http:\/\/www.camillejourdain.fr\/\">Camille Jourdain<\/a>) chauffeur qui n&rsquo;est autre qu&rsquo;<a href=\"http:\/\/fr.wikipedia.org\/wiki\/\u00c9ric_Caritoux\">Eric Caretoux<\/a>, l&rsquo;une des l\u00e9gendes du Tour et qui va nous piloter durant toute la journ\u00e9e.<\/p>\n<p style=\"text-align: left;\">Je sors mon iPhone pour lui poser quelques questions sur les coulisses de l&rsquo;\u00e9v\u00e8nement et je d\u00e9cide \u00e0 cet instant de faire un <em>live<\/em> de tout l&rsquo;\u00e9v\u00e8nement sur ma page <a href=\"http:\/\/www.facebook.com\/damiendouani\">Facebook<\/a> et sur mon <a href=\"http:\/\/www.twiter.com\/damiendouani\">twitter<\/a>\u00a0via <a href=\"http:\/\/www.qik.com\">Qik<\/a> :<\/p>\n<p><object id=\"qikPlayer\" width=\"425\" height=\"319\" classid=\"clsid:d27cdb6e-ae6d-11cf-96b8-444553540000\" codebase=\"http:\/\/download.macromedia.com\/pub\/shockwave\/cabs\/flash\/swflash.cab#version=6,0,40,0\"><param name=\"allowScriptAccess\" value=\"sameDomain\" \/><param name=\"allowFullScreen\" value=\"true\" \/><param name=\"quality\" value=\"high\" \/><param name=\"FlashVars\" value=\"streamID=e83cc48897244c3088393a962c40e28a&amp;autoplay=false\" \/><param name=\"src\" value=\"http:\/\/qik.com\/swfs\/qikPlayer5.swf\" \/><param name=\"allowscriptaccess\" value=\"sameDomain\" \/><param name=\"allowfullscreen\" value=\"true\" \/><param name=\"pluginspage\" value=\"http:\/\/www.macromedia.com\/go\/getflashplayer\" \/><param name=\"flashvars\" value=\"streamID=e83cc48897244c3088393a962c40e28a&amp;autoplay=false\" \/><embed id=\"qikPlayer\" width=\"425\" height=\"319\" type=\"application\/x-shockwave-flash\" src=\"http:\/\/qik.com\/swfs\/qikPlayer5.swf\" allowScriptAccess=\"sameDomain\" allowFullScreen=\"true\" quality=\"high\" FlashVars=\"streamID=e83cc48897244c3088393a962c40e28a&amp;autoplay=false\" allowscriptaccess=\"sameDomain\" allowfullscreen=\"true\" pluginspage=\"http:\/\/www.macromedia.com\/go\/getflashplayer\" flashvars=\"streamID=e83cc48897244c3088393a962c40e28a&amp;autoplay=false\" \/><\/object><\/p>\n<p>Puis vient le moment de sortir \u00e0 la rencontre des \u00e9quipes et des cyclistes, ce moment tant attendu par les badauds qui peuvent ainsi acc\u00e9der \u00e0 leurs idoles en toute libert\u00e9. C&rsquo;est le moment o\u00f9 les \u00e9quipes sortent les v\u00e9los (des merveilles technologiques \u00e0 base de carbone, kevlar et pneus <em>tubeless<\/em>) tandis que leurs poulains r\u00e9pondent \u00e0 quelques questions et font des photos tout en ayant en t\u00eate la tactique \u00e0 suivre donn\u00e9e lors du <em>briefing<\/em>.<\/p>\n<p><object id=\"qikPlayer\" width=\"425\" height=\"319\" classid=\"clsid:d27cdb6e-ae6d-11cf-96b8-444553540000\" codebase=\"http:\/\/download.macromedia.com\/pub\/shockwave\/cabs\/flash\/swflash.cab#version=6,0,40,0\"><param name=\"allowScriptAccess\" value=\"sameDomain\" \/><param name=\"allowFullScreen\" value=\"true\" \/><param name=\"quality\" value=\"high\" \/><param name=\"FlashVars\" value=\"streamID=2f68f6044dbb44c79756d3c8057977c3&amp;autoplay=false\" \/><param name=\"src\" value=\"http:\/\/qik.com\/swfs\/qikPlayer5.swf\" \/><param name=\"allowscriptaccess\" value=\"sameDomain\" \/><param name=\"allowfullscreen\" value=\"true\" \/><param name=\"pluginspage\" value=\"http:\/\/www.macromedia.com\/go\/getflashplayer\" \/><param name=\"flashvars\" value=\"streamID=2f68f6044dbb44c79756d3c8057977c3&amp;autoplay=false\" \/><embed id=\"qikPlayer\" width=\"425\" height=\"319\" type=\"application\/x-shockwave-flash\" src=\"http:\/\/qik.com\/swfs\/qikPlayer5.swf\" allowScriptAccess=\"sameDomain\" allowFullScreen=\"true\" quality=\"high\" FlashVars=\"streamID=2f68f6044dbb44c79756d3c8057977c3&amp;autoplay=false\" allowscriptaccess=\"sameDomain\" allowfullscreen=\"true\" pluginspage=\"http:\/\/www.macromedia.com\/go\/getflashplayer\" flashvars=\"streamID=2f68f6044dbb44c79756d3c8057977c3&amp;autoplay=false\" \/><\/object><\/p>\n<p>En voiture ! Bien cal\u00e9 dans le Renault Espace noir, nous faisons en avance de quelques minutes le parcours suivi par les coureurs. Je suis sur le livre de bord le trac\u00e9 du parcours et l&rsquo;ensemble des temps de passage.<\/p>\n<p><object id=\"qikPlayer\" width=\"425\" height=\"319\" classid=\"clsid:d27cdb6e-ae6d-11cf-96b8-444553540000\" codebase=\"http:\/\/download.macromedia.com\/pub\/shockwave\/cabs\/flash\/swflash.cab#version=6,0,40,0\"><param name=\"allowScriptAccess\" value=\"sameDomain\" \/><param name=\"allowFullScreen\" value=\"true\" \/><param name=\"quality\" value=\"high\" \/><param name=\"FlashVars\" value=\"streamID=d4da345378b74de88c9d4ec24ad1523d&amp;autoplay=false\" \/><param name=\"src\" value=\"http:\/\/qik.com\/swfs\/qikPlayer5.swf\" \/><param name=\"allowscriptaccess\" value=\"sameDomain\" \/><param name=\"allowfullscreen\" value=\"true\" \/><param name=\"pluginspage\" value=\"http:\/\/www.macromedia.com\/go\/getflashplayer\" \/><param name=\"flashvars\" value=\"streamID=d4da345378b74de88c9d4ec24ad1523d&amp;autoplay=false\" \/><embed id=\"qikPlayer\" width=\"425\" height=\"319\" type=\"application\/x-shockwave-flash\" src=\"http:\/\/qik.com\/swfs\/qikPlayer5.swf\" allowScriptAccess=\"sameDomain\" allowFullScreen=\"true\" quality=\"high\" FlashVars=\"streamID=d4da345378b74de88c9d4ec24ad1523d&amp;autoplay=false\" allowscriptaccess=\"sameDomain\" allowfullscreen=\"true\" pluginspage=\"http:\/\/www.macromedia.com\/go\/getflashplayer\" flashvars=\"streamID=d4da345378b74de88c9d4ec24ad1523d&amp;autoplay=false\" \/><\/object><\/p>\n<p style=\"text-align: left;\">\u00a0Le temps passe vite, tr\u00e8s vite. On traverse de tr\u00e8s nombreux paysages urbains, la foule est l\u00e0 sans discontinuer, dense. Elle acclame tous les v\u00e9hicules de la caravane, comme s&rsquo;il s&rsquo;agissait des coureurs ! Car pour les spectateurs, et notamment les enfants, le Tour est un \u00ab\u00a0tout\u00a0\u00bb et les seules personnes qui ont le temps de les saluer ce sont les membres des v\u00e9hicules qui encadrent l&rsquo;\u00e9v\u00e8nement. Les cyclistes, eux, roulent, concentr\u00e9s.<\/p>\n<p style=\"text-align: left;\">Arriv\u00e9e sur la place de la Concorde, petite d\u00e9ception : impossible d&rsquo;aller plus loin car nous ne sommes pas membre d&rsquo;une \u00e9quipe en course. Je rejoins l&rsquo;une des terrasses du Village VIP, chipant quelques bonbons Haribo g\u00e9n\u00e9reusement distribu\u00e9s, et je me place id\u00e9alement pour pouvoir prendre en photo le groupe d&rsquo;\u00e9chapp\u00e9e qui va mener 30 secondes en avance sur le peloton avant de se faire rattraper.<\/p>\n<p style=\"text-align: left;\">Le r\u00e9sultat, vous le connaissez certainement.<\/p>\n<p style=\"text-align: left;\">Pour moi, c&rsquo;est une exp\u00e9rience extraordinaire que je viens de vivre, totalement privil\u00e9gi\u00e9. Avec cette impression d&rsquo;avoir permis au gamin que j&rsquo;\u00e9tais de passer de l&rsquo;autre c\u00f4t\u00e9 de l&rsquo;\u00e9cran et des barri\u00e8res de cet exceptionnel \u00e9v\u00e8nement.<\/p>\n<p style=\"text-align: center;\"><img loading=\"lazy\" decoding=\"async\" class=\"aligncenter\" style=\"border-style: initial; border-color: initial; border-width: 0px;\" title=\"tour_de_france_2011.JPG\" src=\"\/wp-content\/uploads\/stanetdamv3\/tour_de_france_2011.JPG\" alt=\"tour_de_france_2011.JPG\" width=\"615\" height=\"410\" border=\"0\" \/><\/p>\n<h3>Post-scriptum<\/h3>\n<p>Si vous avez envie de revivre ce Tour 2011 en gastromonie (parce que le v\u00e9lo c&rsquo;est pas trop votre truc), je ne puis vous conseiller que d&rsquo;aller d\u00e9guster \u00e0 petites gorg\u00e9es <a href=\"http:\/\/saveursdutour.jimdo.com\/\">le blog \u00ab\u00a0Saveurs du Tour\u00a0\u00bb de Fabien Vie<\/a> qui a cuisin\u00e9 tout au long du voyage dans la caravane.<\/p>\n<p>Ce chef du Tour a fait preuve d&rsquo;inventivit\u00e9 pour nourrir tout ce beau monde, et les a r\u00e9gal\u00e9 par son authenticit\u00e9 et sa passion des fourneaux. Et en plus, il est montpelli\u00e9rain \ud83d\ude42<\/p>\n<div id=\"themify_builder_content-6912\" data-postid=\"6912\" class=\"themify_builder_content themify_builder_content-6912 themify_builder\">\n    <\/div>\n<!-- \/themify_builder_content -->\n","protected":false},"excerpt":{"rendered":"<p>Dimanche avait lieu la derni\u00e8re \u00e9tape du mythique Tour de France. Cette satan\u00e9e boucle qui fait tourner la t\u00eate des contr\u00e9es fran\u00e7aises et de ses habitants depuis 1903. Ce Tour qui en a plus d&rsquo;un dans son sac, \u00e0 commencer par donner envie \u00e0 tout le monde de suivre ces coureurs et leur 40 km\/h [&hellip;]<\/p>\n","protected":false},"author":3,"featured_media":0,"comment_status":"open","ping_status":"open","sticky":false,"template":"","format":"standard","meta":{"footnotes":""},"categories":[3],"tags":[2789,3736,3875],"class_list":["post-6912","post","type-post","status-publish","format-standard","hentry","category-sd-usages","tag-orange","tag-tdf2011","tag-tour-de-france","has-post-title","has-post-date","has-post-category","has-post-tag","has-post-comment","has-post-author",""],"builder_content":"","_links":{"self":[{"href":"https:\/\/stanetdam.com\/index.php?rest_route=\/wp\/v2\/posts\/6912","targetHints":{"allow":["GET"]}}],"collection":[{"href":"https:\/\/stanetdam.com\/index.php?rest_route=\/wp\/v2\/posts"}],"about":[{"href":"https:\/\/stanetdam.com\/index.php?rest_route=\/wp\/v2\/types\/post"}],"author":[{"embeddable":true,"href":"https:\/\/stanetdam.com\/index.php?rest_route=\/wp\/v2\/users\/3"}],"replies":[{"embeddable":true,"href":"https:\/\/stanetdam.com\/index.php?rest_route=%2Fwp%2Fv2%2Fcomments&post=6912"}],"version-history":[{"count":0,"href":"https:\/\/stanetdam.com\/index.php?rest_route=\/wp\/v2\/posts\/6912\/revisions"}],"wp:attachment":[{"href":"https:\/\/stanetdam.com\/index.php?rest_route=%2Fwp%2Fv2%2Fmedia&parent=6912"}],"wp:term":[{"taxonomy":"category","embeddable":true,"href":"https:\/\/stanetdam.com\/index.php?rest_route=%2Fwp%2Fv2%2Fcategories&post=6912"},{"taxonomy":"post_tag","embeddable":true,"href":"https:\/\/stanetdam.com\/index.php?rest_route=%2Fwp%2Fv2%2Ftags&post=6912"}],"curies":[{"name":"wp","href":"https:\/\/api.w.org\/{rel}","templated":true}]}}