{"id":6871,"date":"2011-07-19T09:14:04","date_gmt":"2011-07-19T07:14:04","guid":{"rendered":"http:\/\/www.stanetdam.com\/sfr-veut-optimiser-linternet-avec-le-trafic-differencie-freenews-lactualite-des-freenautes-toute-lactualite-pour\/"},"modified":"2011-07-19T09:14:04","modified_gmt":"2011-07-19T07:14:04","slug":"sfr-veut-optimiser-linternet-avec-le-trafic-differencie-freenews-lactualite-des-freenautes-toute-lactualite-pour","status":"publish","type":"post","link":"https:\/\/stanetdam.com\/?p=6871","title":{"rendered":"SFR veut \u00ab\u00a0optimiser l&rsquo;Internet\u00a0\u00bb avec le trafic diff\u00e9renci\u00e9"},"content":{"rendered":"<p>\n<span style=\"font-style: italic; color: rgb(153, 153, 153);\"><\/p>\n<p>  Comment dire &#8230;. c&rsquo;est n&rsquo;importe quoi. Il peut y avoir des limitations sur le mobile a cause du spectre radio mais sur de l&rsquo;ADSL ou de la fibre &#8230; Jean-Bernard L\u00e9vy, pr\u00e9sident du directoire de Vivendi, avait \u00e9t\u00e9 l&rsquo;un des principaux d\u00e9fenseurs de la mise en place d&rsquo;un trafic Internet r\u00e9gul\u00e9 et diff\u00e9renci\u00e9, devant la Commission europ\u00e9enne la semaine derni\u00e8re. <\/p>\n<p><\/span><br \/>\nLire l&rsquo;article original ici:<br \/>\n<a target=\"_blank\" href=\"http:\/\/www.freenews.fr\/spip.php?article10524&amp;utm_source=feedburner&amp;utm_medium=feed&amp;utm_campaign=Feed: Freenews-Freebox (Freenews : L'actualit\u00e9 des Freenautes - Toute l'actualit\u00e9 pour votre Freebox)\" title=\"SFR veut &quot;optimiser l&#39;Internet&quot; avec le trafic diff\u00e9renci\u00e9 - Freenews : L&#39;actualit\u00e9 des Freenautes - Toute l&#39;actualit\u00e9 pour...\" rel=\"noopener noreferrer\">SFR veut &quot;optimiser l&#39;Internet&quot; avec le trafic diff\u00e9renci\u00e9 &#8211; Freenews : L&#39;actualit\u00e9 des Freenautes &#8211; Toute l&#39;actualit\u00e9 pour&#8230;<\/a><br \/>\nArticle issu de la veille quotidienne de Stan&#038;Dam.<\/p>\n<div id=\"themify_builder_content-6871\" data-postid=\"6871\" class=\"themify_builder_content themify_builder_content-6871 themify_builder\">\n    <\/div>\n<!-- \/themify_builder_content -->\n","protected":false},"excerpt":{"rendered":"<p>  Comment dire &#8230;. c&rsquo;est n&rsquo;importe quoi. Il peut y avoir des limitations sur le mobile a cause du spectre radio mais sur de l&rsquo;ADSL ou de la fibre &#8230; Jean-Bernard L\u00e9vy, pr\u00e9sident du directoire de Vivendi, avait \u00e9t\u00e9 l&rsquo;un des principaux d\u00e9fenseurs de la mise en place d&rsquo;un trafic Internet r\u00e9gul\u00e9 et diff\u00e9renci\u00e9, devant la Commission europ\u00e9enne la semaine derni\u00e8re. <\/p>\n","protected":false},"author":2,"featured_media":0,"comment_status":"open","ping_status":"open","sticky":false,"template":"","format":"standard","meta":{"footnotes":""},"categories":[6],"tags":[1617,2222,2497,2987,3160,3246,3559,3591,3886,4067,4074],"class_list":["post-6871","post","type-post","status-publish","format-standard","hentry","category-liens-automatiques","tag-google-reader","tag-lifestream","tag-mise","tag-place","tag-radio","tag-result","tag-spectre","tag-stan","tag-trafic","tag-vivendi","tag-vodafone","has-post-title","has-post-date","has-post-category","has-post-tag","has-post-comment","has-post-author",""],"builder_content":"","_links":{"self":[{"href":"https:\/\/stanetdam.com\/index.php?rest_route=\/wp\/v2\/posts\/6871","targetHints":{"allow":["GET"]}}],"collection":[{"href":"https:\/\/stanetdam.com\/index.php?rest_route=\/wp\/v2\/posts"}],"about":[{"href":"https:\/\/stanetdam.com\/index.php?rest_route=\/wp\/v2\/types\/post"}],"author":[{"embeddable":true,"href":"https:\/\/stanetdam.com\/index.php?rest_route=\/wp\/v2\/users\/2"}],"replies":[{"embeddable":true,"href":"https:\/\/stanetdam.com\/index.php?rest_route=%2Fwp%2Fv2%2Fcomments&post=6871"}],"version-history":[{"count":0,"href":"https:\/\/stanetdam.com\/index.php?rest_route=\/wp\/v2\/posts\/6871\/revisions"}],"wp:attachment":[{"href":"https:\/\/stanetdam.com\/index.php?rest_route=%2Fwp%2Fv2%2Fmedia&parent=6871"}],"wp:term":[{"taxonomy":"category","embeddable":true,"href":"https:\/\/stanetdam.com\/index.php?rest_route=%2Fwp%2Fv2%2Fcategories&post=6871"},{"taxonomy":"post_tag","embeddable":true,"href":"https:\/\/stanetdam.com\/index.php?rest_route=%2Fwp%2Fv2%2Ftags&post=6871"}],"curies":[{"name":"wp","href":"https:\/\/api.w.org\/{rel}","templated":true}]}}