{"id":6859,"date":"2011-07-12T15:51:59","date_gmt":"2011-07-12T13:51:59","guid":{"rendered":"http:\/\/www.stanetdam.com\/fibre-optique-le-retard-de-la-france-%c2%ab-risque-detre-irreversible-%c2%bb\/"},"modified":"2011-07-12T15:51:59","modified_gmt":"2011-07-12T13:51:59","slug":"fibre-optique-le-retard-de-la-france-risque-detre-irreversible","status":"publish","type":"post","link":"https:\/\/stanetdam.com\/?p=6859","title":{"rendered":"Fibre optique : le retard de la France \u00ab risque d&rsquo;\u00eatre irr\u00e9versible \u00bb"},"content":{"rendered":"<p>\n<span style=\"font-style: italic; color: rgb(153, 153, 153);\"><\/p>\n<p>En mati\u00e8re de fibre optique, \u00ab la France n&rsquo;est pas en retard \u00bb. Ces mots ont \u00e9t\u00e9 prononc\u00e9s il y a peu par J\u00e9r\u00f4me Coutant, membre du coll\u00e8ge de l&rsquo;ARCEP.<\/p>\n<p><\/span><br \/>\nLire l&rsquo;article original ici:<br \/>\n<a target=\"_blank\" href=\"http:\/\/www.pcinpact.com\/actu\/news\/64611-fibre-optique-ftth-retard-france-irreversible.htm\" title=\"Fibre optique : le retard de la France \u00ab risque d'\u00eatre irr\u00e9versible \u00bb\" rel=\"noopener noreferrer\">Fibre optique : le retard de la France \u00ab risque d&rsquo;\u00eatre irr\u00e9versible \u00bb<\/a><br \/>\nArticle issu de la veille quotidienne de Stan&#038;Dam.<\/p>\n<div id=\"themify_builder_content-6859\" data-postid=\"6859\" class=\"themify_builder_content themify_builder_content-6859 themify_builder\">\n    <\/div>\n<!-- \/themify_builder_content -->\n","protected":false},"excerpt":{"rendered":"<p>En mati\u00e8re de fibre optique, \u00ab la France n&rsquo;est pas en retard \u00bb. Ces mots ont \u00e9t\u00e9 prononc\u00e9s il y a peu par J\u00e9r\u00f4me Coutant, membre du coll\u00e8ge de l&rsquo;ARCEP.<\/p>\n","protected":false},"author":2,"featured_media":0,"comment_status":"open","ping_status":"open","sticky":false,"template":"","format":"standard","meta":{"footnotes":""},"categories":[6],"tags":[940,1589,1617,3591,4015],"class_list":["post-6859","post","type-post","status-publish","format-standard","hentry","category-liens-automatiques","tag-curation","tag-google","tag-google-reader","tag-stan","tag-veille","has-post-title","has-post-date","has-post-category","has-post-tag","has-post-comment","has-post-author",""],"builder_content":"","_links":{"self":[{"href":"https:\/\/stanetdam.com\/index.php?rest_route=\/wp\/v2\/posts\/6859","targetHints":{"allow":["GET"]}}],"collection":[{"href":"https:\/\/stanetdam.com\/index.php?rest_route=\/wp\/v2\/posts"}],"about":[{"href":"https:\/\/stanetdam.com\/index.php?rest_route=\/wp\/v2\/types\/post"}],"author":[{"embeddable":true,"href":"https:\/\/stanetdam.com\/index.php?rest_route=\/wp\/v2\/users\/2"}],"replies":[{"embeddable":true,"href":"https:\/\/stanetdam.com\/index.php?rest_route=%2Fwp%2Fv2%2Fcomments&post=6859"}],"version-history":[{"count":0,"href":"https:\/\/stanetdam.com\/index.php?rest_route=\/wp\/v2\/posts\/6859\/revisions"}],"wp:attachment":[{"href":"https:\/\/stanetdam.com\/index.php?rest_route=%2Fwp%2Fv2%2Fmedia&parent=6859"}],"wp:term":[{"taxonomy":"category","embeddable":true,"href":"https:\/\/stanetdam.com\/index.php?rest_route=%2Fwp%2Fv2%2Fcategories&post=6859"},{"taxonomy":"post_tag","embeddable":true,"href":"https:\/\/stanetdam.com\/index.php?rest_route=%2Fwp%2Fv2%2Ftags&post=6859"}],"curies":[{"name":"wp","href":"https:\/\/api.w.org\/{rel}","templated":true}]}}