{"id":6760,"date":"2011-06-10T13:27:20","date_gmt":"2011-06-10T11:27:20","guid":{"rendered":"http:\/\/www.stanetdam.com\/entre-deux-theories-du-complot-a-propos-de-coli-la-bacterie-tueuse-mon-coeur-balance-le-plus\/"},"modified":"2011-06-10T13:27:20","modified_gmt":"2011-06-10T11:27:20","slug":"entre-deux-theories-du-complot-a-propos-de-coli-la-bacterie-tueuse-mon-coeur-balance-le-plus","status":"publish","type":"post","link":"https:\/\/stanetdam.com\/?p=6760","title":{"rendered":"Entre deux th\u00e9ories du complot \u00e0 propos d&rsquo;E.Coli, la bact\u00e9rie tueuse, mon c\u0153ur balance &#8211; le Plus"},"content":{"rendered":"<p>\n<span style=\"font-style: italic; color: rgb(153, 153, 153);\"><\/p>\n<p>  Alors sinon moi je propose. C&rsquo;est Steve qui a introduit la bacterie en Europe pour convaincre les maisons de disque de signer pour itunes in the cloud &#8230; (plus de gens plus de client) Elles sont belles, elles sont fra\u00eeches, mes th\u00e9ories du complot ! Laquelle pr\u00e9f\u00e9rez-vous ? <\/p>\n<p><\/span><br \/>\nLire l&rsquo;article original ici:<br \/>\n<a target=\"_blank\" href=\"http:\/\/leplus.nouvelobs.com\/contribution\/2137;entre-deux-theories-du-complot-a-propos-d-e-coli-la-bacterie-tueuse-mon-c-ur-balance.html\" title=\"Entre deux th\u00e9ories du complot \u00e0 propos d&#39;E.Coli, la bact\u00e9rie tueuse, mon c\u0153ur balance - le Plus\" rel=\"noopener noreferrer\">Entre deux th\u00e9ories du complot \u00e0 propos d&#39;E.Coli, la bact\u00e9rie tueuse, mon c\u0153ur balance &#8211; le Plus<\/a><br \/>\nArticle issu de la veille quotidienne de Stan&#038;Dam.<\/p>\n<div id=\"themify_builder_content-6760\" data-postid=\"6760\" class=\"themify_builder_content themify_builder_content-6760 themify_builder\">\n    <\/div>\n<!-- \/themify_builder_content -->\n","protected":false},"excerpt":{"rendered":"<p>  Alors sinon moi je propose. C&rsquo;est Steve qui a introduit la bacterie en Europe pour convaincre les maisons de disque de signer pour itunes in the cloud &#8230; (plus de gens plus de client) Elles sont belles, elles sont fra\u00eeches, mes th\u00e9ories du complot ! Laquelle pr\u00e9f\u00e9rez-vous ? <\/p>\n","protected":false},"author":2,"featured_media":0,"comment_status":"open","ping_status":"open","sticky":false,"template":"","format":"standard","meta":{"footnotes":""},"categories":[6],"tags":[1617,2222],"class_list":["post-6760","post","type-post","status-publish","format-standard","hentry","category-liens-automatiques","tag-google-reader","tag-lifestream","has-post-title","has-post-date","has-post-category","has-post-tag","has-post-comment","has-post-author",""],"builder_content":"","_links":{"self":[{"href":"https:\/\/stanetdam.com\/index.php?rest_route=\/wp\/v2\/posts\/6760","targetHints":{"allow":["GET"]}}],"collection":[{"href":"https:\/\/stanetdam.com\/index.php?rest_route=\/wp\/v2\/posts"}],"about":[{"href":"https:\/\/stanetdam.com\/index.php?rest_route=\/wp\/v2\/types\/post"}],"author":[{"embeddable":true,"href":"https:\/\/stanetdam.com\/index.php?rest_route=\/wp\/v2\/users\/2"}],"replies":[{"embeddable":true,"href":"https:\/\/stanetdam.com\/index.php?rest_route=%2Fwp%2Fv2%2Fcomments&post=6760"}],"version-history":[{"count":0,"href":"https:\/\/stanetdam.com\/index.php?rest_route=\/wp\/v2\/posts\/6760\/revisions"}],"wp:attachment":[{"href":"https:\/\/stanetdam.com\/index.php?rest_route=%2Fwp%2Fv2%2Fmedia&parent=6760"}],"wp:term":[{"taxonomy":"category","embeddable":true,"href":"https:\/\/stanetdam.com\/index.php?rest_route=%2Fwp%2Fv2%2Fcategories&post=6760"},{"taxonomy":"post_tag","embeddable":true,"href":"https:\/\/stanetdam.com\/index.php?rest_route=%2Fwp%2Fv2%2Ftags&post=6760"}],"curies":[{"name":"wp","href":"https:\/\/api.w.org\/{rel}","templated":true}]}}