{"id":6729,"date":"2011-06-08T12:00:11","date_gmt":"2011-06-08T10:00:11","guid":{"rendered":"http:\/\/www.stanetdam.com\/?p=6729"},"modified":"2011-06-08T12:00:11","modified_gmt":"2011-06-08T10:00:11","slug":"la-pause-de-midi-lautorail-panoramique-innovation-1959-de-la-sncf","status":"publish","type":"post","link":"https:\/\/stanetdam.com\/?p=6729","title":{"rendered":"[La Pause de midi] L&rsquo;autorail panoramique, innovation 1959 de la SNCF"},"content":{"rendered":"<p>\u00ab\u00a0La France, cette dentelle haute en couleurs\u00a0\u00bb&#8230; Voyageons en autorail panoramique, et regardons les paysages se forger devant nos yeux.<\/p>\n<p>\u00ab\u00a0Forger. ce terme peut aussi s&rsquo;appliquer \u00e0 ce curieux adolescent confortablement v\u00eatu, et dont l&rsquo;\u00e9l\u00e9gance et insolite silhouette, cache un corps solidement charpent\u00e9 renfermant un c\u0153ur d&rsquo;acier, son moteur dieseeel\u00a0 de 800 chevaux. Une fois de plus\u00a0 les fran\u00e7ais on v\u00e9ritablement innov\u00e9s\u00a0\u00bb.<\/p>\n<p>Avant, ils \u00e9taient liriques \u00e0 la SNCF&#8230; (et presque litigieux).<\/p>\n<p style=\"text-align: center;\">[dailymotion xi1f7_autorail-panoramique-sncf-1959_news nolink]<\/p>\n<div id=\"themify_builder_content-6729\" data-postid=\"6729\" class=\"themify_builder_content themify_builder_content-6729 themify_builder\">\n    <\/div>\n<!-- \/themify_builder_content -->\n","protected":false},"excerpt":{"rendered":"<p>\u00ab\u00a0La France, cette dentelle haute en couleurs\u00a0\u00bb&#8230; Voyageons en autorail panoramique, et regardons les paysages se forger devant nos yeux. \u00ab\u00a0Forger. ce terme peut aussi s&rsquo;appliquer \u00e0 ce curieux adolescent confortablement v\u00eatu, et dont l&rsquo;\u00e9l\u00e9gance et insolite silhouette, cache un corps solidement charpent\u00e9 renfermant un c\u0153ur d&rsquo;acier, son moteur dieseeel\u00a0 de 800 chevaux. Une fois [&hellip;]<\/p>\n","protected":false},"author":3,"featured_media":0,"comment_status":"open","ping_status":"open","sticky":false,"template":"","format":"standard","meta":{"footnotes":""},"categories":[5],"tags":[351,352,3500],"class_list":["post-6729","post","type-post","status-publish","format-standard","hentry","category-la-pause-de-midi","tag-autorail","tag-autorail-panoramique","tag-sncf","has-post-title","has-post-date","has-post-category","has-post-tag","has-post-comment","has-post-author",""],"builder_content":"","_links":{"self":[{"href":"https:\/\/stanetdam.com\/index.php?rest_route=\/wp\/v2\/posts\/6729","targetHints":{"allow":["GET"]}}],"collection":[{"href":"https:\/\/stanetdam.com\/index.php?rest_route=\/wp\/v2\/posts"}],"about":[{"href":"https:\/\/stanetdam.com\/index.php?rest_route=\/wp\/v2\/types\/post"}],"author":[{"embeddable":true,"href":"https:\/\/stanetdam.com\/index.php?rest_route=\/wp\/v2\/users\/3"}],"replies":[{"embeddable":true,"href":"https:\/\/stanetdam.com\/index.php?rest_route=%2Fwp%2Fv2%2Fcomments&post=6729"}],"version-history":[{"count":0,"href":"https:\/\/stanetdam.com\/index.php?rest_route=\/wp\/v2\/posts\/6729\/revisions"}],"wp:attachment":[{"href":"https:\/\/stanetdam.com\/index.php?rest_route=%2Fwp%2Fv2%2Fmedia&parent=6729"}],"wp:term":[{"taxonomy":"category","embeddable":true,"href":"https:\/\/stanetdam.com\/index.php?rest_route=%2Fwp%2Fv2%2Fcategories&post=6729"},{"taxonomy":"post_tag","embeddable":true,"href":"https:\/\/stanetdam.com\/index.php?rest_route=%2Fwp%2Fv2%2Ftags&post=6729"}],"curies":[{"name":"wp","href":"https:\/\/api.w.org\/{rel}","templated":true}]}}