{"id":6704,"date":"2011-05-31T11:28:06","date_gmt":"2011-05-31T09:28:06","guid":{"rendered":"http:\/\/www.stanetdam.com\/ultrabook-la-nouvelle-donne-ultraportable-d%e2%80%99intel\/"},"modified":"2011-05-31T11:28:06","modified_gmt":"2011-05-31T09:28:06","slug":"ultrabook-la-nouvelle-donne-ultraportable-dintel","status":"publish","type":"post","link":"https:\/\/stanetdam.com\/?p=6704","title":{"rendered":"Ultrabook, la nouvelle donne ultraportable d\u2019Intel"},"content":{"rendered":"<p>Cet article est issu de la veille quotidienne de Stan&#038;Dam. Ils aiment mettre en avant des informations int\u00e9ressantes vues sur le web, et les partager.<br \/>\n<br \/>\n<span style=\"font-style: italic; color: rgb(153, 153, 153);\"><\/p>\n<p>  Tr\u00e8s tr\u00e8s belle bete. Ce n&rsquo;est que du rattrapage du macbook air mais enfin avec du Windows 7 natif dedans (et franchement un win 7 qui sort d&rsquo;hibernation en 5 sec je demande \u00e0 voir et je veux le meme) Ultrabook, c\u2019est le nom qu\u2019a choisi Intel pour d\u00e9finir une nouvelle gamme d\u2019ultraportables ultrafins et propos\u00e9s dans une enveloppe de prix contenue. Difficile pourtant de savoir si il s\u2019agit uniquement d\u2019une jolie \u00e9tiquette commerciale ou si il y a vraiment l\u00e0 une nouvelle cat\u00e9gorie de machines. <\/p>\n<p><\/span><br \/>\nLire l&rsquo;article original ici:<br \/>\n<a target=\"_blank\" href=\"http:\/\/feedproxy.google.com\/~r\/blogeee\/articles\/~3\/f_JUT0OeQTE\/\" title=\"Ultrabook, la nouvelle donne ultraportable d\u2019Intel\" rel=\"noopener noreferrer\">Ultrabook, la nouvelle donne ultraportable d\u2019Intel<\/a><\/p>\n<div id=\"themify_builder_content-6704\" data-postid=\"6704\" class=\"themify_builder_content themify_builder_content-6704 themify_builder\">\n    <\/div>\n<!-- \/themify_builder_content -->\n","protected":false},"excerpt":{"rendered":"<p>  Tr\u00e8s tr\u00e8s belle bete. Ce n&rsquo;est que du rattrapage du macbook air mais enfin avec du Windows 7 natif dedans (et franchement un win 7 qui sort d&rsquo;hibernation en 5 sec je demande \u00e0 voir et je veux le meme) Ultrabook, c\u2019est le nom qu\u2019a choisi Intel pour d\u00e9finir une nouvelle gamme d\u2019ultraportables ultrafins et propos\u00e9s dans une enveloppe de prix contenue. Difficile pourtant de savoir si il s\u2019agit uniquement d\u2019une jolie \u00e9tiquette commerciale ou si il y a vraiment l\u00e0 une nouvelle cat\u00e9gorie de machines. <\/p>\n","protected":false},"author":2,"featured_media":0,"comment_status":"open","ping_status":"open","sticky":false,"template":"","format":"standard","meta":{"footnotes":""},"categories":[6],"tags":[1589,2222,3192,3591,4015],"class_list":["post-6704","post","type-post","status-publish","format-standard","hentry","category-liens-automatiques","tag-google","tag-lifestream","tag-reader","tag-stan","tag-veille","has-post-title","has-post-date","has-post-category","has-post-tag","has-post-comment","has-post-author",""],"builder_content":"","_links":{"self":[{"href":"https:\/\/stanetdam.com\/index.php?rest_route=\/wp\/v2\/posts\/6704","targetHints":{"allow":["GET"]}}],"collection":[{"href":"https:\/\/stanetdam.com\/index.php?rest_route=\/wp\/v2\/posts"}],"about":[{"href":"https:\/\/stanetdam.com\/index.php?rest_route=\/wp\/v2\/types\/post"}],"author":[{"embeddable":true,"href":"https:\/\/stanetdam.com\/index.php?rest_route=\/wp\/v2\/users\/2"}],"replies":[{"embeddable":true,"href":"https:\/\/stanetdam.com\/index.php?rest_route=%2Fwp%2Fv2%2Fcomments&post=6704"}],"version-history":[{"count":0,"href":"https:\/\/stanetdam.com\/index.php?rest_route=\/wp\/v2\/posts\/6704\/revisions"}],"wp:attachment":[{"href":"https:\/\/stanetdam.com\/index.php?rest_route=%2Fwp%2Fv2%2Fmedia&parent=6704"}],"wp:term":[{"taxonomy":"category","embeddable":true,"href":"https:\/\/stanetdam.com\/index.php?rest_route=%2Fwp%2Fv2%2Fcategories&post=6704"},{"taxonomy":"post_tag","embeddable":true,"href":"https:\/\/stanetdam.com\/index.php?rest_route=%2Fwp%2Fv2%2Ftags&post=6704"}],"curies":[{"name":"wp","href":"https:\/\/api.w.org\/{rel}","templated":true}]}}