{"id":667,"date":"2008-06-02T15:47:46","date_gmt":"2008-06-02T13:47:46","guid":{"rendered":"http:\/\/www.stanetdam.com\/?p=667"},"modified":"2008-06-02T15:47:46","modified_gmt":"2008-06-02T13:47:46","slug":"barcamp-ce-samedi-cest-videocamp2","status":"publish","type":"post","link":"https:\/\/stanetdam.com\/?p=667","title":{"rendered":"BARCAMP &#8211; ce samedi, c&rsquo;est VideoCamp2 !"},"content":{"rendered":"<p>Que faites vous ce samedi 7 juin ? Si vous \u00eates passionn\u00e9s de vid\u00e9o et que vous \u00eates sur Paris, il vous faut \u00eatre au VideoCamp2 organis\u00e9 par <a href=\"http:\/\/philj.wordpress.com\/\" target=\"_blank\" rel=\"noopener noreferrer\">Philippe Jeudy <\/a>et Mathieu Coste. Ca se passe \u00e0 la  Cartonnerie (159 rue Saint Maur Paris 11).<\/p>\n<p style=\"text-align: center;\"><img loading=\"lazy\" decoding=\"async\" class=\"centered aligncenter\" src=\"http:\/\/farm3.static.flickr.com\/2397\/2520952066_816df80245.jpg\" alt=\"\" width=\"387\" height=\"81\" \/><\/p>\n<p>Au programme, de nombreuses tables rondes autour des usages, de la production, des nouveaux formats&#8230; <a href=\"http:\/\/barcamp.org\/VideoCampParis2\" target=\"_blank\" rel=\"noopener noreferrer\">Tout est ici<\/a>.<\/p>\n<p>Et comme c&rsquo;est un BarCamp, vous venez avec vos id\u00e9es, vos sujets, vos projets, et vous partagez avec tous dans la joie et la bonne humeur (et je fais confiance \u00e0 Phil pour cela !).<\/p>\n<p>Stan&amp;Dam y seront&#8230; une vid\u00e9o \u00ab\u00a0comme si vous y \u00e9tiez\u00a0\u00bb serait-elle \u00e0 pr\u00e9voir ? \ud83d\ude42<\/p>\n<div id=\"themify_builder_content-667\" data-postid=\"667\" class=\"themify_builder_content themify_builder_content-667 themify_builder\">\n    <\/div>\n<!-- \/themify_builder_content -->\n","protected":false},"excerpt":{"rendered":"<p>Que faites vous ce samedi 7 juin ? Si vous \u00eates passionn\u00e9s de vid\u00e9o et que vous \u00eates sur Paris, il vous faut \u00eatre au VideoCamp2 organis\u00e9 par Philippe Jeudy et Mathieu Coste. Ca se passe \u00e0 la Cartonnerie (159 rue Saint Maur Paris 11). Au programme, de nombreuses tables rondes autour des usages, de [&hellip;]<\/p>\n","protected":false},"author":3,"featured_media":0,"comment_status":"open","ping_status":"open","sticky":false,"template":"","format":"standard","meta":{"footnotes":""},"categories":[1],"tags":[390,3595,3600,3961,4030,4038],"class_list":["post-667","post","type-post","status-publish","format-standard","hentry","category-uncategorized","tag-barcamp","tag-standam","tag-stanetdam","tag-ugc","tag-video","tag-videocamp2","has-post-title","has-post-date","has-post-category","has-post-tag","has-post-comment","has-post-author",""],"builder_content":"","_links":{"self":[{"href":"https:\/\/stanetdam.com\/index.php?rest_route=\/wp\/v2\/posts\/667","targetHints":{"allow":["GET"]}}],"collection":[{"href":"https:\/\/stanetdam.com\/index.php?rest_route=\/wp\/v2\/posts"}],"about":[{"href":"https:\/\/stanetdam.com\/index.php?rest_route=\/wp\/v2\/types\/post"}],"author":[{"embeddable":true,"href":"https:\/\/stanetdam.com\/index.php?rest_route=\/wp\/v2\/users\/3"}],"replies":[{"embeddable":true,"href":"https:\/\/stanetdam.com\/index.php?rest_route=%2Fwp%2Fv2%2Fcomments&post=667"}],"version-history":[{"count":0,"href":"https:\/\/stanetdam.com\/index.php?rest_route=\/wp\/v2\/posts\/667\/revisions"}],"wp:attachment":[{"href":"https:\/\/stanetdam.com\/index.php?rest_route=%2Fwp%2Fv2%2Fmedia&parent=667"}],"wp:term":[{"taxonomy":"category","embeddable":true,"href":"https:\/\/stanetdam.com\/index.php?rest_route=%2Fwp%2Fv2%2Fcategories&post=667"},{"taxonomy":"post_tag","embeddable":true,"href":"https:\/\/stanetdam.com\/index.php?rest_route=%2Fwp%2Fv2%2Ftags&post=667"}],"curies":[{"name":"wp","href":"https:\/\/api.w.org\/{rel}","templated":true}]}}