{"id":6655,"date":"2011-05-27T15:59:25","date_gmt":"2011-05-27T13:59:25","guid":{"rendered":"http:\/\/www.stanetdam.com\/?p=6655"},"modified":"2011-05-27T15:59:25","modified_gmt":"2011-05-27T13:59:25","slug":"adidas-la-mort-de-la-stan-smith-pub-buzz","status":"publish","type":"post","link":"https:\/\/stanetdam.com\/?p=6655","title":{"rendered":"La mort de la Stan Smith : Adidas bluffe et buzz"},"content":{"rendered":"<p style=\"text-align: center;\"><img loading=\"lazy\" decoding=\"async\" class=\"aligncenter\" title=\"Stan Smith\" src=\"http:\/\/www.inandout-blog.com\/wp-content\/uploads\/2011\/05\/My_HipstaPrint_0-628x628.jpg\" alt=\"\" width=\"556\" height=\"556\" \/><\/p>\n<p>Voil\u00e0 qui ressemble \u00e0 un gros coup de buzz d&rsquo;Adidas !<\/p>\n<p>Tout commence par une question de Shamir from Flickr sur Facebook : <strong>\u00ab\u00a0Adidas arr\u00eate la Stan Smith : pouvez-vous vivre sans elle ?\u00a0\u00bb<\/strong>.<\/p>\n<p>Mouais&#8230; Juste le lendemain <strong>de la soir\u00e9e c\u00e9l\u00e9brant les 40 ans de la chaussure<\/strong> et \u00e0 laquelle\u00a0 nous n&rsquo;\u00e9tions pas (parce que les Geeks n&rsquo;aiment pas les chaussures cool c&rsquo;est bien connu. Toutes fa\u00e7ons moi je n&rsquo;aime que mes <a href=\"http:\/\/www.generation-nt.com\/adidas-processeur-dans-ma-chaussure-actualite-6436.html\">Adidas ONE<\/a>).<\/p>\n<p>Petit tapotis sur Google, et me voici sur <a href=\"http:\/\/www.inandout-blog.com\/2011\/05\/stan-smiths-dead\/\">In&amp;Out blog<\/a> (des excellents et adorables Nico et Myl\u00e8ne, merci d&rsquo;ailleurs pour la photo illustrant cet article) o\u00f9 l&rsquo;on raconte par le menu cette \u00ab\u00a0trag\u00e9die\u00a0\u00bb.<\/p>\n<p>Puis une communication officielle de <strong>Adidas<\/strong> : \u00ab<em> Une l\u00e9gende ne meurt jamais, mais c\u2019est vrai qu\u2019elle va se  rar\u00e9fier \u00e0 compter de 2012. Le succ\u00e8s de la c\u00e9l\u00e9bration des 40 ans de la  Stan hier \u00e0 Roland Garros montre que c\u2019est un produit mythique. Pour  tous les fans, elle sera encore bel et bien pr\u00e9sente sur Automne Hiver  2011 avec une collection compl\u00e8te<\/em>. \u00bb<\/p>\n<p>Ah ah ils sont trop fort ! Je vous laisse devenir maintenant ce qui va se passer : articles de blogs hurlant qu&rsquo;ils vont se pendre \u00e0 coups de lacets blancs si Adidas arr\u00eate, pages de fans qui vont se monter pour d\u00e9fendre la belle et virginale paire de chaussure, <em>twitter storm <\/em>sur <a href=\"twitter.com\/adi_originals\">@adi_originals<\/a>&#8230;<\/p>\n<p>Car la Stan Smith a la particularit\u00e9 d&rsquo;\u00eatre une chaussure \u00ab\u00a0basique\u00a0\u00bb donc tr\u00e8s r\u00e9pandu \u00e0 un prix abordable, ce qui veut dire peu int\u00e9ressante pour Adidas car , dans le m\u00eame temps, elle rec\u00e8le d&rsquo;une l\u00e9gende r\u00e9elle (un peu comme la Nastase). <strong>C&rsquo;est donc un paradoxe commercial. Et une l\u00e9gende ne peut pas mourir. \u00ab\u00a0Marketinguement\u00a0\u00bb pas comme cela.<\/strong><\/p>\n<p>Adidas va donc certainement s&rsquo;inspirer du fabuleux travail de Nike avec la Converse pour refaire d&rsquo;un basique un \u00ab\u00a0must have\u00a0\u00bb absolu, d\u00e9clin\u00e9, renouvel\u00e9, avec des prix augment\u00e9s : <strong>ils vont lui redorer le blason \u00e0 coup de rar\u00e9faction et de s\u00e9ries   exclusives.<\/strong><\/p>\n<p>C&rsquo;est mon intuition, on s&rsquo;en reparle en 2012 \ud83d\ude09<\/p>\n<p>Au fait, si jamais, rappelez vous surtout que derri\u00e8re la Stan Smith, il y avait un joueur de tennis l\u00e9gendaire. \u00c7a impressionne toujours \u00e0 table.<\/p>\n<p style=\"text-align: center;\">[youtube LepICR6I2uo]<\/p>\n<p>&nbsp;<\/p>\n<p>&nbsp;<\/p>\n<div id=\"themify_builder_content-6655\" data-postid=\"6655\" class=\"themify_builder_content themify_builder_content-6655 themify_builder\">\n    <\/div>\n<!-- \/themify_builder_content -->\n","protected":false},"excerpt":{"rendered":"<p>Voil\u00e0 qui ressemble \u00e0 un gros coup de buzz d&rsquo;Adidas ! Tout commence par une question de Shamir from Flickr sur Facebook : \u00ab\u00a0Adidas arr\u00eate la Stan Smith : pouvez-vous vivre sans elle ?\u00a0\u00bb. Mouais&#8230; Juste le lendemain de la soir\u00e9e c\u00e9l\u00e9brant les 40 ans de la chaussure et \u00e0 laquelle\u00a0 nous n&rsquo;\u00e9tions pas (parce [&hellip;]<\/p>\n","protected":false},"author":3,"featured_media":0,"comment_status":"open","ping_status":"open","sticky":false,"template":"","format":"standard","meta":{"footnotes":""},"categories":[3],"tags":[74,138,233,2802,3594],"class_list":["post-6655","post","type-post","status-publish","format-standard","hentry","category-sd-usages","tag-40-ans","tag-adidas","tag-anniversaire","tag-originals","tag-stan-smith","has-post-title","has-post-date","has-post-category","has-post-tag","has-post-comment","has-post-author",""],"builder_content":"","_links":{"self":[{"href":"https:\/\/stanetdam.com\/index.php?rest_route=\/wp\/v2\/posts\/6655","targetHints":{"allow":["GET"]}}],"collection":[{"href":"https:\/\/stanetdam.com\/index.php?rest_route=\/wp\/v2\/posts"}],"about":[{"href":"https:\/\/stanetdam.com\/index.php?rest_route=\/wp\/v2\/types\/post"}],"author":[{"embeddable":true,"href":"https:\/\/stanetdam.com\/index.php?rest_route=\/wp\/v2\/users\/3"}],"replies":[{"embeddable":true,"href":"https:\/\/stanetdam.com\/index.php?rest_route=%2Fwp%2Fv2%2Fcomments&post=6655"}],"version-history":[{"count":0,"href":"https:\/\/stanetdam.com\/index.php?rest_route=\/wp\/v2\/posts\/6655\/revisions"}],"wp:attachment":[{"href":"https:\/\/stanetdam.com\/index.php?rest_route=%2Fwp%2Fv2%2Fmedia&parent=6655"}],"wp:term":[{"taxonomy":"category","embeddable":true,"href":"https:\/\/stanetdam.com\/index.php?rest_route=%2Fwp%2Fv2%2Fcategories&post=6655"},{"taxonomy":"post_tag","embeddable":true,"href":"https:\/\/stanetdam.com\/index.php?rest_route=%2Fwp%2Fv2%2Ftags&post=6655"}],"curies":[{"name":"wp","href":"https:\/\/api.w.org\/{rel}","templated":true}]}}