{"id":6648,"date":"2011-05-26T13:39:03","date_gmt":"2011-05-26T11:39:03","guid":{"rendered":"http:\/\/www.stanetdam.com\/spotify-se-decide-a-faire-equipe-avec-facebook\/"},"modified":"2011-05-26T13:39:03","modified_gmt":"2011-05-26T11:39:03","slug":"spotify-se-decide-a-faire-equipe-avec-facebook","status":"publish","type":"post","link":"https:\/\/stanetdam.com\/?p=6648","title":{"rendered":"Spotify se d\u00e9cide \u00e0 faire \u00e9quipe avec Facebook"},"content":{"rendered":"<p>Cet article est issu de la veille quotidienne de Stan&#038;Dam. Ils aiment mettre en avant des informations int\u00e9ressantes vues sur le web, et les partager.<br \/>\n<br \/>\n<span style=\"font-style: italic; color: rgb(153, 153, 153);\"><\/p>\n<p>  Enfin !! M\u00e0J : Spotify vient de nous contacter \u00e0 ce sujet. Si la firme n\u2019infirme ni ne confirme la rumeur, elle tient tout de m\u00eame \u00e0 pr\u00e9ciser qu\u2019elle entretient de tr\u00e8s bonnes relations avec le r\u00e9seau social de Zuckerberg. De la m\u00eame fa\u00e7on, Zuckerberg aura, lors de son discours de cloture du eG8 (e pour Internet, \u00e9videmment) laiss\u00e9 entendre que si proposer de l\u2019\u00e9coute musicale en streaming (par exemple) n\u2019\u00e9tait pas dans l\u2019ADN de sa soci\u00e9t\u00e9, le fait de donner un coup de pouce \u00e0 ces soci\u00e9t\u00e9s proposant de tel services en leur offrant une exposition plus \u00ab\u00a0sociale\u00a0\u00bb \u00e9tait tout \u00e0 fait envisageable. Et Spotify pris d\u00e9finitivement son envol\u2026 Si j\u2019extrapole un peu, nul doute que le partenariat sign\u00e9 entre Facebook et le service d\u2019\u00e9coute musicale en streaming risque d\u2019\u00eatre TRES int\u00e9ressant pour ce dernier<\/p>\n<p><\/span><br \/>\nLire l&rsquo;article original ici:<br \/>\n<a target=\"_blank\" href=\"http:\/\/feedproxy.google.com\/~r\/LeJournalDuGeek\/~3\/ygJxFDQn1gs\/\" title=\"Spotify se d\u00e9cide \u00e0 faire \u00e9quipe avec Facebook\" rel=\"noopener noreferrer\">Spotify se d\u00e9cide \u00e0 faire \u00e9quipe avec Facebook<\/a><\/p>\n<div id=\"themify_builder_content-6648\" data-postid=\"6648\" class=\"themify_builder_content themify_builder_content-6648 themify_builder\">\n    <\/div>\n<!-- \/themify_builder_content -->\n","protected":false},"excerpt":{"rendered":"<p>  Enfin !! M\u00e0J : Spotify vient de nous contacter \u00e0 ce sujet. Si la firme n\u2019infirme ni ne confirme la rumeur, elle tient tout de m\u00eame \u00e0 pr\u00e9ciser qu\u2019elle entretient de tr\u00e8s bonnes relations avec le r\u00e9seau social de Zuckerberg. De la m\u00eame fa\u00e7on, Zuckerberg aura, lors de son discours de cloture du eG8 (e pour Internet, \u00e9videmment) laiss\u00e9 entendre que si proposer de l\u2019\u00e9coute musicale en streaming (par exemple) n\u2019\u00e9tait pas dans l\u2019ADN de sa soci\u00e9t\u00e9, le fait de donner un coup de pouce \u00e0 ces soci\u00e9t\u00e9s proposant de tel services en leur offrant une exposition plus \u00ab\u00a0sociale\u00a0\u00bb \u00e9tait tout \u00e0 fait envisageable. Et Spotify pris d\u00e9finitivement son envol\u2026 Si j\u2019extrapole un peu, nul doute que le partenariat sign\u00e9 entre Facebook et le service d\u2019\u00e9coute musicale en streaming risque d\u2019\u00eatre TRES int\u00e9ressant pour ce dernier<\/p>\n","protected":false},"author":2,"featured_media":0,"comment_status":"open","ping_status":"open","sticky":false,"template":"","format":"standard","meta":{"footnotes":""},"categories":[6],"tags":[500,528,668,755,1060,1349,1406,1589,2006,3221,3428,3755],"class_list":["post-6648","post","type-post","status-publish","format-standard","hentry","category-liens-automatiques","tag-bonnes","tag-bouton","tag-ces","tag-cloture","tag-discours","tag-fil","tag-forbes","tag-google","tag-journaldugeek","tag-relations","tag-services","tag-tel","has-post-title","has-post-date","has-post-category","has-post-tag","has-post-comment","has-post-author",""],"builder_content":"","_links":{"self":[{"href":"https:\/\/stanetdam.com\/index.php?rest_route=\/wp\/v2\/posts\/6648","targetHints":{"allow":["GET"]}}],"collection":[{"href":"https:\/\/stanetdam.com\/index.php?rest_route=\/wp\/v2\/posts"}],"about":[{"href":"https:\/\/stanetdam.com\/index.php?rest_route=\/wp\/v2\/types\/post"}],"author":[{"embeddable":true,"href":"https:\/\/stanetdam.com\/index.php?rest_route=\/wp\/v2\/users\/2"}],"replies":[{"embeddable":true,"href":"https:\/\/stanetdam.com\/index.php?rest_route=%2Fwp%2Fv2%2Fcomments&post=6648"}],"version-history":[{"count":0,"href":"https:\/\/stanetdam.com\/index.php?rest_route=\/wp\/v2\/posts\/6648\/revisions"}],"wp:attachment":[{"href":"https:\/\/stanetdam.com\/index.php?rest_route=%2Fwp%2Fv2%2Fmedia&parent=6648"}],"wp:term":[{"taxonomy":"category","embeddable":true,"href":"https:\/\/stanetdam.com\/index.php?rest_route=%2Fwp%2Fv2%2Fcategories&post=6648"},{"taxonomy":"post_tag","embeddable":true,"href":"https:\/\/stanetdam.com\/index.php?rest_route=%2Fwp%2Fv2%2Ftags&post=6648"}],"curies":[{"name":"wp","href":"https:\/\/api.w.org\/{rel}","templated":true}]}}