{"id":6647,"date":"2011-05-26T12:15:00","date_gmt":"2011-05-26T10:15:00","guid":{"rendered":"http:\/\/www.stanetdam.com\/le-modele-social-a-la-francaise-est-mort\/"},"modified":"2011-05-26T12:15:00","modified_gmt":"2011-05-26T10:15:00","slug":"le-modele-social-a-la-francaise-est-mort","status":"publish","type":"post","link":"https:\/\/stanetdam.com\/?p=6647","title":{"rendered":"Le mod\u00e8le social \u00e0 la fran\u00e7aise est mort !"},"content":{"rendered":"<p>Cet article est issu de la veille quotidienne de Stan&#038;Dam. Ils aiment mettre en avant des informations int\u00e9ressantes vues sur le web, et les partager.<br \/>\n<br \/>\n<span style=\"font-style: italic; color: rgb(153, 153, 153);\"><\/p>\n<p> (ce sont les fran\u00e7ais qui le disent !) Bonne nouvelle, on peut arr\u00eater de vendre du flamby aux Fran\u00e7ais. Ils constatent eux-m\u00eames que le mod\u00e8le social \u00e0 la fran\u00e7aise est mort. Non seulement, Plus de deux Fran\u00e7ais sur trois pensent que leur g\u00e9n\u00e9ration passera une retraite \u00abmoins bonne\u00bb que celle de leurs parents. Et 57% d\u2019entre eux s\u2019attendent \u00e0 une baisse des pensions publiques de retraite (c&rsquo;est une \u00e9tude HSBC publi\u00e9e ce Jeudi 26 Mai 2011 qui l&rsquo;affirme, source : Boursorama ), mais en plus, on apprend aujourd&rsquo;hui \u00e9galement que les \u00e9tudiants sont 26% \u00e0 d\u00e9clarer avoir \u00ab\u00a0rencontr\u00e9 de r\u00e9elles difficult\u00e9s pour faire face aux d\u00e9penses courantes\u00a0\u00bb: alimentation, loyer ou encore factures d&rsquo;\u00e9lectricit\u00e9 (normal, il n&rsquo;ont pas de revenus) et surtout, un \u00e9tudiant sur cinq renonce \u00e0 se soigner <\/p>\n<p><\/span><br \/>\nLire l&rsquo;article original ici:<br \/>\n<a target=\"_blank\" href=\"http:\/\/leparisienliberal.blogspot.com\/2011\/05\/le-modele-social-la-francaise-est-mort.html\" title=\"Le mod\u00e8le social \u00e0 la fran\u00e7aise est mort !\" rel=\"noopener noreferrer\">Le mod\u00e8le social \u00e0 la fran\u00e7aise est mort !<\/a><\/p>\n<div id=\"themify_builder_content-6647\" data-postid=\"6647\" class=\"themify_builder_content themify_builder_content-6647 themify_builder\">\n    <\/div>\n<!-- \/themify_builder_content -->\n","protected":false},"excerpt":{"rendered":"<p> (ce sont les fran\u00e7ais qui le disent !) Bonne nouvelle, on peut arr\u00eater de vendre du flamby aux Fran\u00e7ais. Ils constatent eux-m\u00eames que le mod\u00e8le social \u00e0 la fran\u00e7aise est mort. Non seulement, Plus de deux Fran\u00e7ais sur trois pensent que leur g\u00e9n\u00e9ration passera une retraite \u00abmoins bonne\u00bb que celle de leurs parents. Et 57% d\u2019entre eux s\u2019attendent \u00e0 une baisse des pensions publiques de retraite (c&rsquo;est une \u00e9tude HSBC publi\u00e9e ce Jeudi 26 Mai 2011 qui l&rsquo;affirme, source : Boursorama ), mais en plus, on apprend aujourd&rsquo;hui \u00e9galement que les \u00e9tudiants sont 26% \u00e0 d\u00e9clarer avoir \u00ab\u00a0rencontr\u00e9 de r\u00e9elles difficult\u00e9s pour faire face aux d\u00e9penses courantes\u00a0\u00bb: alimentation, loyer ou encore factures d&rsquo;\u00e9lectricit\u00e9 (normal, il n&rsquo;ont pas de revenus) et surtout, un \u00e9tudiant sur cinq renonce \u00e0 se soigner <\/p>\n","protected":false},"author":2,"featured_media":0,"comment_status":"open","ping_status":"open","sticky":false,"template":"","format":"standard","meta":{"footnotes":""},"categories":[6],"tags":[159,756,1161,1354,2222,2265,2637,2855,3043,3246,3591],"class_list":["post-6647","post","type-post","status-publish","format-standard","hentry","category-liens-automatiques","tag-aide","tag-cloud","tag-education","tag-fille","tag-lifestream","tag-longue","tag-nationale","tag-parents","tag-poste","tag-result","tag-stan","has-post-title","has-post-date","has-post-category","has-post-tag","has-post-comment","has-post-author",""],"builder_content":"","_links":{"self":[{"href":"https:\/\/stanetdam.com\/index.php?rest_route=\/wp\/v2\/posts\/6647","targetHints":{"allow":["GET"]}}],"collection":[{"href":"https:\/\/stanetdam.com\/index.php?rest_route=\/wp\/v2\/posts"}],"about":[{"href":"https:\/\/stanetdam.com\/index.php?rest_route=\/wp\/v2\/types\/post"}],"author":[{"embeddable":true,"href":"https:\/\/stanetdam.com\/index.php?rest_route=\/wp\/v2\/users\/2"}],"replies":[{"embeddable":true,"href":"https:\/\/stanetdam.com\/index.php?rest_route=%2Fwp%2Fv2%2Fcomments&post=6647"}],"version-history":[{"count":0,"href":"https:\/\/stanetdam.com\/index.php?rest_route=\/wp\/v2\/posts\/6647\/revisions"}],"wp:attachment":[{"href":"https:\/\/stanetdam.com\/index.php?rest_route=%2Fwp%2Fv2%2Fmedia&parent=6647"}],"wp:term":[{"taxonomy":"category","embeddable":true,"href":"https:\/\/stanetdam.com\/index.php?rest_route=%2Fwp%2Fv2%2Fcategories&post=6647"},{"taxonomy":"post_tag","embeddable":true,"href":"https:\/\/stanetdam.com\/index.php?rest_route=%2Fwp%2Fv2%2Ftags&post=6647"}],"curies":[{"name":"wp","href":"https:\/\/api.w.org\/{rel}","templated":true}]}}