{"id":6607,"date":"2011-05-15T03:32:41","date_gmt":"2011-05-15T01:32:41","guid":{"rendered":"http:\/\/www.stanetdam.com\/iphone-5-des-pieces-detachees-du-nouvel-appareil-photo\/"},"modified":"2011-05-15T03:32:41","modified_gmt":"2011-05-15T01:32:41","slug":"iphone-5-des-pieces-detachees-du-nouvel-appareil-photo","status":"publish","type":"post","link":"https:\/\/stanetdam.com\/?p=6607","title":{"rendered":"iPhone 5 : des pi\u00e8ces d\u00e9tach\u00e9es du nouvel appareil photo"},"content":{"rendered":"<p>Cet article est issu de la veille quotidienne de Stan&#038;Dam. Ils aiment mettre en avant des informations int\u00e9ressantes vues sur le web, et les partager.<br \/>\n<br \/>\n<span style=\"font-style: italic; color: rgb(153, 153, 153);\"><\/p>\n<p> Apple.pro revient aujourd\u2019hui avec des photos concernant le nouvel objectif du futur iPhone 5. Comme le montre l\u2019image, la cam\u00e9ra arri\u00e8re ne semble plus \u00eatre rattach\u00e9e directement au flash. Apple aurait donc l\u2019intention d\u2019innover en la mati\u00e8re alors que l\u2019apparition du flash ne s\u2019est faite qu\u2019\u00e0 partir de l\u2019iPhone 4. <\/p>\n<p><\/span><br \/>\nLire l&rsquo;article original ici:<br \/>\n<a target=\"_blank\" href=\"http:\/\/feedproxy.google.com\/~r\/Iphoneaddictfr\/~3\/GdzxXQ8KpXk\/news-21508-iphone-5-des-pieces-detachees-du-nouvel-appareil-photo\" title=\"iPhone 5 : des pi\u00e8ces d\u00e9tach\u00e9es du nouvel appareil photo\" rel=\"noopener noreferrer\">iPhone 5 : des pi\u00e8ces d\u00e9tach\u00e9es du nouvel appareil photo<\/a><\/p>\n<div id=\"themify_builder_content-6607\" data-postid=\"6607\" class=\"themify_builder_content themify_builder_content-6607 themify_builder\">\n    <\/div>\n<!-- \/themify_builder_content -->\n","protected":false},"excerpt":{"rendered":"<p> Apple.pro revient aujourd\u2019hui avec des photos concernant le nouvel objectif du futur iPhone 5. Comme le montre l\u2019image, la cam\u00e9ra arri\u00e8re ne semble plus \u00eatre rattach\u00e9e directement au flash. Apple aurait donc l\u2019intention d\u2019innover en la mati\u00e8re alors que l\u2019apparition du flash ne s\u2019est faite qu\u2019\u00e0 partir de l\u2019iPhone 4. <\/p>\n","protected":false},"author":2,"featured_media":0,"comment_status":"open","ping_status":"open","sticky":false,"template":"","format":"standard","meta":{"footnotes":""},"categories":[6],"tags":[1617,3591],"class_list":["post-6607","post","type-post","status-publish","format-standard","hentry","category-liens-automatiques","tag-google-reader","tag-stan","has-post-title","has-post-date","has-post-category","has-post-tag","has-post-comment","has-post-author",""],"builder_content":"","_links":{"self":[{"href":"https:\/\/stanetdam.com\/index.php?rest_route=\/wp\/v2\/posts\/6607","targetHints":{"allow":["GET"]}}],"collection":[{"href":"https:\/\/stanetdam.com\/index.php?rest_route=\/wp\/v2\/posts"}],"about":[{"href":"https:\/\/stanetdam.com\/index.php?rest_route=\/wp\/v2\/types\/post"}],"author":[{"embeddable":true,"href":"https:\/\/stanetdam.com\/index.php?rest_route=\/wp\/v2\/users\/2"}],"replies":[{"embeddable":true,"href":"https:\/\/stanetdam.com\/index.php?rest_route=%2Fwp%2Fv2%2Fcomments&post=6607"}],"version-history":[{"count":0,"href":"https:\/\/stanetdam.com\/index.php?rest_route=\/wp\/v2\/posts\/6607\/revisions"}],"wp:attachment":[{"href":"https:\/\/stanetdam.com\/index.php?rest_route=%2Fwp%2Fv2%2Fmedia&parent=6607"}],"wp:term":[{"taxonomy":"category","embeddable":true,"href":"https:\/\/stanetdam.com\/index.php?rest_route=%2Fwp%2Fv2%2Fcategories&post=6607"},{"taxonomy":"post_tag","embeddable":true,"href":"https:\/\/stanetdam.com\/index.php?rest_route=%2Fwp%2Fv2%2Ftags&post=6607"}],"curies":[{"name":"wp","href":"https:\/\/api.w.org\/{rel}","templated":true}]}}