{"id":6594,"date":"2011-05-11T10:14:49","date_gmt":"2011-05-11T08:14:49","guid":{"rendered":"http:\/\/www.stanetdam.com\/?p=6594"},"modified":"2011-05-11T10:14:49","modified_gmt":"2011-05-11T08:14:49","slug":"les-gerard-de-la-politique-2011-les-laureats","status":"publish","type":"post","link":"https:\/\/stanetdam.com\/?p=6594","title":{"rendered":"Les G\u00e9rard de la politique 2011 : les laur\u00e9ats"},"content":{"rendered":"<p style=\"text-align: center;\"><img loading=\"lazy\" decoding=\"async\" class=\"aligncenter\" title=\"Les G\u00e9rard de la politique\" src=\"http:\/\/img.over-blog.com\/550x388\/1\/59\/49\/25\/Autres-chaines-TV\/Paris-Premiere\/Les-gerard-de-la-politique.jpg\" alt=\"\" width=\"549\" height=\"388\" \/><\/p>\n<p>Hier soir avait lieu depuis le Palace \u00e0 Paris (et en l\u00e9ger diff\u00e9r\u00e9 sur Paris Premi\u00e8re \u00e0 20h40) la premi\u00e8re c\u00e9r\u00e9monie des <strong>G\u00e9rard de la politique 2011<\/strong>, un pur moment de gr\u00e2ce et de bonheur, de railleries et satires en tout genre. Bref, <strong>que du bonheur <\/strong>!<\/p>\n<p>Voici la liste des laur\u00e9ats pour 2011 sans tous les nomm\u00e9s (qui <a href=\"http:\/\/www.paris-premiere.fr\/emission-les_gerard_de_la_politique_2011\/news-les_gerard_de_la_politique_2011\/420638-les_laureats_2011.html\">se trouvent ici<\/a> si cela vous dit de les d\u00e9couvrir) :<\/p>\n<p>1 \/ G\u00e9rard du simplet dont on fr\u00e9mit \u00e0 la pens\u00e9e qu&rsquo;il ait des responsabilit\u00e9s, vu qu&rsquo;il a m\u00eame pas l\u2019air assez intelligent pour peindre des coquillages dans un centre d\u2019aide par le travail<br \/>\n<strong>Ex aequo : Fr\u00e9d\u00e9ric Lef\u00e8bvre et Benjamin Lancar<\/strong><\/p>\n<p>2\/ G\u00e9rard du vieux machin fabriqu\u00e9 sous Mitterrand qui n&rsquo;a plus aucune chance de rien mais qui s&rsquo;accroche quand m\u00eame, au lieu d\u2019aller p\u00eacher la crevette avec Jospin sur l&rsquo;Ile de R\u00e9<br \/>\n<strong>Jack Lang<\/strong><\/p>\n<p>3\/ G\u00e9rard de la personnalit\u00e9 politique g\u00e9ographiquement contrari\u00e9e<br \/>\n<strong>Eric Besson, \u00e0 l\u2019extr\u00eame droite de la droite, venu de gauche<\/strong><\/p>\n<p>4\/ G\u00e9rard du ministre qui l\u00e8che le plus les bottes de son Pr\u00e9sident, et quand on dit les bottes, c\u2019est pour rester poli<br \/>\n<strong>Fr\u00e9d\u00e9ric Lef\u00e8bvre, en janvier 2010 : \u00ab Nicolas Sarkozy a un tort, c&rsquo;est qu&rsquo;il a raison trop t\u00f4t. \u00bb<\/strong><\/p>\n<p>5\/ G\u00e9rard du type qui a un nom de mafieux, mais juste le nom<br \/>\n<strong>Patrick et Isabelle Balkany<\/strong><\/p>\n<p>6\/ G\u00e9rard du d\u00e9put\u00e9 qui se mange<br \/>\n<strong>Andr\u00e9 Flajolet<\/strong><\/p>\n<p>7\/ G\u00e9rard du politique \u00e0 qui la Vierge Marie est apparue pour lui dire : \u00ab Prends ton clairon, sonne l\u2019olifant, pense \u00e0 Clovis, pense \u00e0 Jeanne d\u2019Arc, pense au grand Charles, pense \u00e0 Tonton, l\u00e8ve-toi et guide ton peuple vers un nouvel \u00e2ge d\u2019or r\u00e9publicain, pr\u00e9sente-toi \u00e0 la grande \u00e9lection. \u00bb Depuis, il a une Mission, il a une Destin\u00e9e, son \u00e9p\u00e9e est de feu, son bouclier d&rsquo;argent, sa chevelure parfum\u00e9e flotte aux quatre vents sacr\u00e9s&#8230; et il va semanger un vieux 0,4% dans la face.<br \/>\n<strong>Dominique de Villepin<\/strong><\/p>\n<p>8\/ G\u00e9rard du truc qu\u2019on n\u2019a pas le droit de dire<br \/>\n<strong>Carla Bruni a eu une grande aventure sentimentale, pour une nuit ou pour la vie, avec [biiiiip], [biiiiip], [biiiiip], [biiiiip], [biiiiip], [biiiiip], [biiiiip], [biiiiip], [biiiiip], [biiiiip], [biiiiip], [biiiiip], [biiiiip], [biiiiip], [biiiiip], [biiiiip], [biiiiip], [biiiiip], [biiiiip], [biiiiip], [biiiiip], [biiiiip], [biiiiip], [biiiiip], [biiiiip], [biiiiip], [biiiiip], [biiiiip], [biiiiip], [biiiiip], [biiiiip], [biiiiip]\u2026<\/strong><\/p>\n<p>9\/ G\u00e9rard de la \u00ab petite phrase \u00bb qui les suivra jusqu\u2019\u00e0 la tombe<br \/>\n<strong>Nicolas Sarkozy : \u00ab Casse toi pauv\u2019con. \u00bb<\/strong><\/p>\n<p>10\/ G\u00e9rard de la femme politique, quand tu la vois, t\u2019as pas envie de lui mettre ton bulletin dans l\u2019urne<br \/>\n<strong>Ex aequo : Fadela Amara et Nadine Morano<\/strong><\/p>\n<p>11\/ G\u00e9rard de l\u2019id\u00e9e de programme griffonn\u00e9e sur un coin de nappe en papier avec cinq pastis, un cassoulet, une bouteille de C\u00f4tes du Rh\u00f4ne et deux calvas derri\u00e8re la cravate, et allez zou !<br \/>\n<strong>\u00ab On aura tous une allocation \u00e0 la naissance, le revenu universel \u00bb C\u00e9cile Duflot<\/strong><\/p>\n<p>12\/ G\u00e9rard du politique qui va enfin nous d\u00e9barrasser des bamboulas, des m\u00e9t\u00e8ques, des romanos, des chinetoques, des boucheries hallal, de la HALDE, du MRAP et de Yannick Noah<br \/>\n<strong>Claude Gu\u00e9ant<\/strong><\/p>\n<p>13\/ G\u00e9rard du queutard, alias Human dick, alias Monsieur 30 cm, alias Ready for the zob, alias Penetrator, alias Couilles and the gang, alias Planque ta moule, alias Le K\u00e4rcher, alias Les Femmes d\u2019abord, alias Mont\u00e9 comme un \u00e2ne, alias l\u2019Anaconda, alias l\u2019Etouffe-chr\u00e9tienne, alias Galope salope, alias Le Ministre de la d\u00e9fonce, alias le Ravageur de rondelles, alias le Canon \u00e0 neige, alias l\u2019Extincteur, alias Cr\u00e8me Chantilly, alias Une Giclette pour les suffragettes, alias Billy Salami, alias l\u2019Assommoir, alias la Queue de billard, alias l\u2019Erection l\u00e9gislative, alias C\u2019est No\u00ebl m\u00e9m\u00e8re, alias le Flashboule, alias Fais gaffe avec tes dents, j\u2019aime pas qu\u2019on me raye le casque, alias Alors heureuse ?<br \/>\n<strong>Dominique Strauss-Kahn<\/strong><\/p>\n<p>14\/ G\u00e9rard du mec de gauche qui a trim\u00e9 vingt ans pour se constituer un capital sympathie qu\u2019il a niqu\u00e9 en vingt secondes en acceptant de bosser avec Sarkozy<br \/>\n<strong>Bernard Kouchner<\/strong><\/p>\n<p>15\/ G\u00e9rard du charisme<br \/>\n<strong>Herv\u00e9 Morin<\/strong><\/p>\n<p>16\/ G\u00e9rard du politique qui te parle tellement de son bilan local que t\u2019as envie de lui dire :<br \/>\n\u00ab Ben restes-y, dans ton bled \u00bb<br \/>\n<strong>S\u00e9gol\u00e8ne Royal, tr\u00e8s fi\u00e8re de son bilan dans les Deux-S\u00e8vres<\/strong><\/p>\n<p>17\/ G\u00e9rard du p\u00e8re de l&rsquo;enfant de Rachida Dati<br \/>\n<strong>Bernard Laporte<\/strong><\/p>\n<p>18\/ G\u00e9rard du vieux mythe p\u00e9rim\u00e9<br \/>\n<strong>Jean Jaur\u00e8s<\/strong><\/p>\n<p>19\/ G\u00e9rard de la minorit\u00e9 visible qui le sera pas rest\u00e9e longtemps, visible<br \/>\n<strong>Ali Soumar\u00e9, le candidat PS qui ressemblait \u00e0 un joueur du PSG<\/strong><\/p>\n<p>20\/ G\u00e9rard du socialiste musical<br \/>\n<strong>George Fr\u00eache, fresh, exciting<\/strong><\/p>\n<p>21\/ G\u00e9rard du sarkozyste musical<br \/>\n<strong>Rama Yade, oh oh oh Ramaya<\/strong><\/p>\n<p>22\/ G\u00e9rard de la femme politique 2011<br \/>\n<strong>Mich\u00e8le Alliot-Marie<\/strong><\/p>\n<p>23\/ G\u00e9rard de l\u2019homme politique 2011<br \/>\n<strong>Jean-Fran\u00e7ois Cop\u00e9<\/strong><\/p>\n<div id=\"themify_builder_content-6594\" data-postid=\"6594\" class=\"themify_builder_content themify_builder_content-6594 themify_builder\">\n    <\/div>\n<!-- \/themify_builder_content -->\n","protected":false},"excerpt":{"rendered":"<p>Hier soir avait lieu depuis le Palace \u00e0 Paris (et en l\u00e9ger diff\u00e9r\u00e9 sur Paris Premi\u00e8re \u00e0 20h40) la premi\u00e8re c\u00e9r\u00e9monie des G\u00e9rard de la politique 2011, un pur moment de gr\u00e2ce et de bonheur, de railleries et satires en tout genre. Bref, que du bonheur ! Voici la liste des laur\u00e9ats pour 2011 sans [&hellip;]<\/p>\n","protected":false},"author":3,"featured_media":0,"comment_status":"open","ping_status":"open","sticky":false,"template":"","format":"standard","meta":{"footnotes":""},"categories":[2],"tags":[2173,2176,2861],"class_list":["post-6594","post","type-post","status-publish","format-standard","hentry","category-loisiretportnawak","tag-les-gerard-de-la-politique","tag-les-gerards","tag-paris-premiere","has-post-title","has-post-date","has-post-category","has-post-tag","has-post-comment","has-post-author",""],"builder_content":"","_links":{"self":[{"href":"https:\/\/stanetdam.com\/index.php?rest_route=\/wp\/v2\/posts\/6594","targetHints":{"allow":["GET"]}}],"collection":[{"href":"https:\/\/stanetdam.com\/index.php?rest_route=\/wp\/v2\/posts"}],"about":[{"href":"https:\/\/stanetdam.com\/index.php?rest_route=\/wp\/v2\/types\/post"}],"author":[{"embeddable":true,"href":"https:\/\/stanetdam.com\/index.php?rest_route=\/wp\/v2\/users\/3"}],"replies":[{"embeddable":true,"href":"https:\/\/stanetdam.com\/index.php?rest_route=%2Fwp%2Fv2%2Fcomments&post=6594"}],"version-history":[{"count":0,"href":"https:\/\/stanetdam.com\/index.php?rest_route=\/wp\/v2\/posts\/6594\/revisions"}],"wp:attachment":[{"href":"https:\/\/stanetdam.com\/index.php?rest_route=%2Fwp%2Fv2%2Fmedia&parent=6594"}],"wp:term":[{"taxonomy":"category","embeddable":true,"href":"https:\/\/stanetdam.com\/index.php?rest_route=%2Fwp%2Fv2%2Fcategories&post=6594"},{"taxonomy":"post_tag","embeddable":true,"href":"https:\/\/stanetdam.com\/index.php?rest_route=%2Fwp%2Fv2%2Ftags&post=6594"}],"curies":[{"name":"wp","href":"https:\/\/api.w.org\/{rel}","templated":true}]}}