{"id":6579,"date":"2011-05-10T10:41:09","date_gmt":"2011-05-10T08:41:09","guid":{"rendered":"http:\/\/www.stanetdam.com\/?p=6579"},"modified":"2011-05-10T10:41:09","modified_gmt":"2011-05-10T08:41:09","slug":"interview-de-stephane-rose-co-fondateur-des-gerards-de-la-politique","status":"publish","type":"post","link":"https:\/\/stanetdam.com\/?p=6579","title":{"rendered":"Interview de St\u00e9phane Rose, co-fondateur des G\u00e9rards de la Politique"},"content":{"rendered":"<p style=\"text-align: center;\"><img loading=\"lazy\" decoding=\"async\" class=\"aligncenter\" title=\"Les G\u00e9rards de la Politique\" src=\"http:\/\/img.over-blog.com\/550x388\/1\/59\/49\/25\/Autres-chaines-TV\/Paris-Premiere\/Les-gerard-de-la-politique.jpg\" alt=\"\" width=\"549\" height=\"388\" \/><\/p>\n<p>Les G\u00e9rards de la Politique, c&rsquo;est ce soir 20h40 sur Paris Premi\u00e8re !<\/p>\n<p>Si vous ne savez pas ce que c&rsquo;est , <a href=\"http:\/\/www.stanetdam.com\/les-gerard-de-la-politique-1er-tour-le-10-mai-2011\/\">rafraichissez-vous la m\u00e9moire<\/a>. Tandis que <a href=\"http:\/\/www.stanetdam.com\/les-nomines-des-gerard-de-la-politique-sont\/\">les nominations<\/a> font encore fr\u00e9tiller le Tout Paris politique, St\u00e9phane Rose &#8211; l&rsquo;un des fondateurs de la c\u00e9r\u00e9monie, celui qui est tout barbu comme moi &#8211; a os\u00e9 braver l&rsquo;interdit pour nous adresser quelques mots (cet homme est tr\u00e8s urbain) en apportant ses r\u00e9ponses tandis que nous avions nos questions ((c) Georges Marchais).<\/p>\n<p><strong>Vous mettre \u00e0 dos la t\u00e9l\u00e9 et le cin\u00e9 ne suffisait pas, maintenant la  politique : vous voulez \u00eatre reconduits \u00e0 la fronti\u00e8re ou quoi ?<\/strong><br \/>\nNous  tapons sur la t\u00e9l\u00e9 et le cin\u00e9ma depuis six ans avec une libert\u00e9  d&rsquo;expression \u00e0 peu pr\u00e8s totale et nous voulions savoir jusqu&rsquo;o\u00f9 il \u00e9tait  possible d&rsquo;aller comme \u00e7a. La politique nous a sembl\u00e9 un bon moyen  d&rsquo;exp\u00e9rimenter de nouvelles limites.<\/p>\n<p><strong>Est ce que Paris Premi\u00e8re a re\u00e7u des pressions pour que cette \u00e9mission ne se fasse pas, ou dans des conditions extr\u00eames ?<\/strong><br \/>\nIls  se sont surtout mis la pression \u00e0 eux m\u00eames, de peur d&rsquo;\u00e9viter les dites  pressions! Mais malgr\u00e9 ses apparences de prof de fran\u00e7ais sympa,  Jacques Expert, le directeur des programmes de la cha\u00eene, est un  v\u00e9ritable punk, et nous appuie donc dans toutes nos provocations aupr\u00e8s  des instances dirigeantes de la cha\u00eene.<\/p>\n<p><strong>Entre-nous, choisir le 10 mai comme date, c&rsquo;est pour faire de l&rsquo;ombre au Festival de Cannes qui s&rsquo;ouvre le lendemain ?<\/strong><br \/>\nNon,  car ce serait consid\u00e9rer que le festival de Cannes a encore de  l&rsquo;importance culturellement et m\u00e9diatiquement, ce qui n&rsquo;est plus le cas  depuis 1990. Nous avons choisi le 10 mai pour la date anniversaire avec  l&rsquo;\u00e9lection de Mitterand. Ce qui ne veut pas dire que nous sommes  forc\u00e9ment socialistes. D&rsquo;ailleurs, je vous d\u00e9fie de savoir pour qui nous  votons apr\u00e8s avoir regard\u00e9 cette c\u00e9r\u00e9monie.<\/p>\n<p><strong>Co\u00efncidence justement : La Conqu\u00eate, film relatant l&rsquo;arriv\u00e9e au pouvoir  de Nicolas Sarkozy, est pr\u00e9sent \u00e0 Cannes. Vous y \u00eates pour quelque  chose ? Vous faites partie d&rsquo;un plan m\u00e9dia en fait ?<\/strong><br \/>\nNous  ne faisons pas partie d&rsquo;un plan m\u00e9dia, nous sommes le plan m\u00e9dia. En  apprenant que nous pr\u00e9parions une c\u00e9r\u00e9monie des G\u00e9rard de la politique,  la production de la Conqu\u00eate nous a contact\u00e9 pour caler la date de  sortie du film sur notre c\u00e9r\u00e9monie. Nous savons \u00e9galement de source s\u00fbre  que plusieurs politiques d\u00e9clareront leur candidature pour 2012 ce jour  l\u00e0. J&rsquo;\u00e9tais enfin au t\u00e9l\u00e9phone avec Carla pas plus tard que ce matin  pour lui conseiller de sortir son nouveau single le m\u00eame jour que les  G\u00e9rard de la politique.<\/p>\n<p><strong>Devons nous nous attendre \u00e0 des surprises, comme l&rsquo;incantation sur  sc\u00e8ne de l&rsquo;esprit de Raymond Barre ou bien un karaok\u00e9 lipdub g\u00e9ant sur  la chanson de Jacques Chirac (<a href=\"http:\/\/www.youtube.com\/watch?v=1DfSMZ7kGiU\" target=\"_blank\" rel=\"noopener noreferrer\">http:\/\/www.youtube.com\/watch?v=1DfSMZ7kGiU<\/a>) ?<\/strong><br \/>\nComme  \u00e0 chaque c\u00e9r\u00e9monie, il y aura deux ou trois surprises cocasses&#8230; Mais  si je vous les r\u00e9v\u00e9lais ce serait plus des surprises, eh, patate.<\/p>\n<p><strong>Quelles sont les cat\u00e9gories que vous vous \u00eates au final refus\u00e9s de proposer ? (alllleezzz un scoop !)<\/strong><br \/>\nAucune!  Nous avons juste du changer certains intitul\u00e9s, en les assouplissant un  peu, pour \u00e9viter les proc\u00e8s en diffamation. Mais toutes nos id\u00e9es ont  \u00e9t\u00e9 valid\u00e9es par la chaine. En revanche, nous n&rsquo;avons volontairement  r\u00e9v\u00e9l\u00e9 \u00e0 la presse, avant la c\u00e9r\u00e9monie, que les 10 cat\u00e9gories les plus  soft sur les 23 pour \u00e9viter les buzz incontr\u00f4l\u00e9s et les coups de fils  relous des minist\u00e8res \u00e0 la chaine.<\/p>\n<p><strong>Apr\u00e8s la t\u00e9l\u00e9, le cin\u00e9, la politique, votre prochaine cible ?<\/strong><br \/>\nIl  est tr\u00e8s probable que nous revenions bient\u00f4t avec les G\u00e9rard de la  musique. Il est hors de question que Yannick Noah continue de chanter  ainsi en toute impunit\u00e9.<\/p>\n<p><strong>Donnez vous aux pi\u00e8ces jaunes par conviction ou par peur de croiser David Douillet ?<\/strong><br \/>\nNous n&rsquo;avons jamais de pi\u00e8ces jaunes dans nos poches, juste des billets de 500 euros. On est les G\u00e9rard, mec.<br \/>\n<em><strong><\/strong><\/em><\/p>\n<p><em><strong>Les G\u00e9rard de la Politique, <a href=\"http:\/\/www.paris-premiere.fr\/emission-les_gerard_de_la_politique_2011\/\">ce soir sur Paris Premi\u00e8re<\/a> et sur twitter (suivre #lesgerard).<br \/>\n<\/strong><\/em><\/p>\n<div id=\"themify_builder_content-6579\" data-postid=\"6579\" class=\"themify_builder_content themify_builder_content-6579 themify_builder\">\n    <\/div>\n<!-- \/themify_builder_content -->\n","protected":false},"excerpt":{"rendered":"<p>Les G\u00e9rards de la Politique, c&rsquo;est ce soir 20h40 sur Paris Premi\u00e8re ! Si vous ne savez pas ce que c&rsquo;est , rafraichissez-vous la m\u00e9moire. Tandis que les nominations font encore fr\u00e9tiller le Tout Paris politique, St\u00e9phane Rose &#8211; l&rsquo;un des fondateurs de la c\u00e9r\u00e9monie, celui qui est tout barbu comme moi &#8211; a os\u00e9 [&hellip;]<\/p>\n","protected":false},"author":3,"featured_media":0,"comment_status":"open","ping_status":"open","sticky":false,"template":"","format":"standard","meta":{"footnotes":""},"categories":[2],"tags":[2172,2173,2861],"class_list":["post-6579","post","type-post","status-publish","format-standard","hentry","category-loisiretportnawak","tag-les-gerard","tag-les-gerard-de-la-politique","tag-paris-premiere","has-post-title","has-post-date","has-post-category","has-post-tag","has-post-comment","has-post-author",""],"builder_content":"","_links":{"self":[{"href":"https:\/\/stanetdam.com\/index.php?rest_route=\/wp\/v2\/posts\/6579","targetHints":{"allow":["GET"]}}],"collection":[{"href":"https:\/\/stanetdam.com\/index.php?rest_route=\/wp\/v2\/posts"}],"about":[{"href":"https:\/\/stanetdam.com\/index.php?rest_route=\/wp\/v2\/types\/post"}],"author":[{"embeddable":true,"href":"https:\/\/stanetdam.com\/index.php?rest_route=\/wp\/v2\/users\/3"}],"replies":[{"embeddable":true,"href":"https:\/\/stanetdam.com\/index.php?rest_route=%2Fwp%2Fv2%2Fcomments&post=6579"}],"version-history":[{"count":0,"href":"https:\/\/stanetdam.com\/index.php?rest_route=\/wp\/v2\/posts\/6579\/revisions"}],"wp:attachment":[{"href":"https:\/\/stanetdam.com\/index.php?rest_route=%2Fwp%2Fv2%2Fmedia&parent=6579"}],"wp:term":[{"taxonomy":"category","embeddable":true,"href":"https:\/\/stanetdam.com\/index.php?rest_route=%2Fwp%2Fv2%2Fcategories&post=6579"},{"taxonomy":"post_tag","embeddable":true,"href":"https:\/\/stanetdam.com\/index.php?rest_route=%2Fwp%2Fv2%2Ftags&post=6579"}],"curies":[{"name":"wp","href":"https:\/\/api.w.org\/{rel}","templated":true}]}}